{"id":32499,"date":"2018-05-02T19:14:44","date_gmt":"2018-05-02T22:14:44","guid":{"rendered":"https:\/\/eldiariodesanpedro.com.ar\/sitio\/?p=32499"},"modified":"2018-05-02T19:14:44","modified_gmt":"2018-05-02T22:14:44","slug":"servicio-de-atencion-temprana-del-desarrollo-infantil","status":"publish","type":"post","link":"https:\/\/eldiariodesanpedro.com.ar\/sitio\/servicio-de-atencion-temprana-del-desarrollo-infantil\/","title":{"rendered":"Servicio de Atenci\u00f3n Temprana del Desarrollo Infantil"},"content":{"rendered":"<p><!-- VideographyWP Plugin Message: Automatic video embedding prevented by plugin options. --><br \/>\nEl Centro de Atenci\u00f3n Temprana del Desarrollo Infantil, Ce.A.T N\u00b01, informa que se encuentra brindando servicio a toda la comunidad en los puntos: Hospital Dr. Emilio Ruffa San Pedro, C.I.C. Centro Integrador Comunitario, Casella y Hermano Indio y Centro de Salud de Rio Tala, Mitre 250.<\/p>\n<p>El equipo trabaja con una matr\u00edcula de ni\u00f1os de 0 a 3 a\u00f1os de edad, provenientes de todo el distrito de San Pedro incluidas las localidades, que presenten alguna patolog\u00eda o dificultad que afecte el desarrollo y\/o aprendizaje del ni\u00f1o, dado a que la detecci\u00f3n precoz de cualquiera de estas problem\u00e1ticas es de vital importancia para mejorar la calidad de vida de las personas.<\/p>\n","protected":false},"excerpt":{"rendered":"<p>El Centro de Atenci\u00f3n Temprana del Desarrollo Infantil, Ce.A.T N\u00b01, informa que se encuentra brindando servicio a toda la comunidad en los puntos: Hospital Dr. Emilio Ruffa San Pedro, C.I.C. Centro Integrador Comunitario, Casella y Hermano Indio y Centro de Salud de Rio Tala, Mitre 250. El equipo trabaja con una matr\u00edcula de ni\u00f1os de [&hellip;]<\/p>\n","protected":false},"author":4,"featured_media":32500,"comment_status":"open","ping_status":"closed","sticky":false,"template":"","format":"standard","meta":{"om_disable_all_campaigns":false,"_jetpack_memberships_contains_paid_content":false,"footnotes":""},"categories":[101,2],"tags":[],"class_list":["post-32499","post","type-post","status-publish","format-standard","has-post-thumbnail","hentry","category-interes-general-locales","category-locales"],"aioseo_notices":[],"gutentor_comment":0,"jetpack_featured_media_url":"https:\/\/eldiariodesanpedro.com.ar\/sitio\/wp-content\/uploads\/2018\/05\/Servicio-de-Atenci\u00f3n-Temprana-del-Desarrollo-Infantil.png","jetpack_shortlink":"https:\/\/wp.me\/p6RhLt-8sb","jetpack_sharing_enabled":true,"_links":{"self":[{"href":"https:\/\/eldiariodesanpedro.com.ar\/sitio\/wp-json\/wp\/v2\/posts\/32499","targetHints":{"allow":["GET"]}}],"collection":[{"href":"https:\/\/eldiariodesanpedro.com.ar\/sitio\/wp-json\/wp\/v2\/posts"}],"about":[{"href":"https:\/\/eldiariodesanpedro.com.ar\/sitio\/wp-json\/wp\/v2\/types\/post"}],"author":[{"embeddable":true,"href":"https:\/\/eldiariodesanpedro.com.ar\/sitio\/wp-json\/wp\/v2\/users\/4"}],"replies":[{"embeddable":true,"href":"https:\/\/eldiariodesanpedro.com.ar\/sitio\/wp-json\/wp\/v2\/comments?post=32499"}],"version-history":[{"count":1,"href":"https:\/\/eldiariodesanpedro.com.ar\/sitio\/wp-json\/wp\/v2\/posts\/32499\/revisions"}],"predecessor-version":[{"id":32501,"href":"https:\/\/eldiariodesanpedro.com.ar\/sitio\/wp-json\/wp\/v2\/posts\/32499\/revisions\/32501"}],"wp:featuredmedia":[{"embeddable":true,"href":"https:\/\/eldiariodesanpedro.com.ar\/sitio\/wp-json\/wp\/v2\/media\/32500"}],"wp:attachment":[{"href":"https:\/\/eldiariodesanpedro.com.ar\/sitio\/wp-json\/wp\/v2\/media?parent=32499"}],"wp:term":[{"taxonomy":"category","embeddable":true,"href":"https:\/\/eldiariodesanpedro.com.ar\/sitio\/wp-json\/wp\/v2\/categories?post=32499"},{"taxonomy":"post_tag","embeddable":true,"href":"https:\/\/eldiariodesanpedro.com.ar\/sitio\/wp-json\/wp\/v2\/tags?post=32499"}],"curies":[{"name":"wp","href":"https:\/\/api.w.org\/{rel}","templated":true}]}}