{"id":32496,"date":"2018-05-02T19:03:36","date_gmt":"2018-05-02T22:03:36","guid":{"rendered":"https:\/\/eldiariodesanpedro.com.ar\/sitio\/?p=32496"},"modified":"2018-05-02T19:03:36","modified_gmt":"2018-05-02T22:03:36","slug":"una-dinamica-para-viveristas","status":"publish","type":"post","link":"https:\/\/eldiariodesanpedro.com.ar\/sitio\/una-dinamica-para-viveristas\/","title":{"rendered":"Una din\u00e1mica para viveristas"},"content":{"rendered":"<p><!-- VideographyWP Plugin Message: Automatic video embedding prevented by plugin options. --><br \/>\nEl mi\u00e9rcoles 9 de mayo a las 14 horas en Quinta Manacor, tendr\u00e1 lugar una muestra de herramientas pensadas para el sector viverista, incluyendo chipeadora y fertilizadora.<\/p>\n<p>El encuentro est\u00e1 organizado por la C\u00e1mara de Viveristas que invit\u00f3 a la empresa Bernardin para mostrar sus propuestas para abordar un tema de importancia para el sector que busca aportar a un tema de vieja data como la sustituci\u00f3n de tierra por sustrato para la producci\u00f3n de plantas, utilizando materiales originados en la zona.<\/p>\n<p>En la zona existen distintas alternativas para utilizar materiales locales, en todos los casos es necesario evaluarlas tras su estabilizaci\u00f3n. Sin embargo, muchas veces el paso previo es reducir el tama\u00f1o de las particulas antes de compostarlas para lo cual contar con una chipeadora es imprescindible para poder hacerlo.<\/p>\n<p>El Grupo de Viveristas de Cambio Rural \u201cAntivirus\u201d est\u00e1 llevando adelante una experiencia de elaboraci\u00f3n de sustratos y adem\u00e1s, conocen la existencia de interesados en brindar servicios al sector en este rubro. La empresa Bernardin tiene una propuesta y est\u00e1 dispuesta a venir a ense\u00f1arla y probar su funcionamiento con materiales locales como pueden ser cortezas y residuos de poda. La iniciativa es acompa\u00f1ada por el INTA y la Municipalidad de San Pedro.<\/p>\n<p>Detalles del evento:<br \/>\nMi\u00e9rcoles 9 de mayo, 14 hs<br \/>\nQuinta Manacor. Ruta 1001, km 4<br \/>\nEntrada libre y gratuita<br \/>\nSe suspende por lluvia<\/p>\n","protected":false},"excerpt":{"rendered":"<p>El mi\u00e9rcoles 9 de mayo a las 14 horas en Quinta Manacor, tendr\u00e1 lugar una muestra de herramientas pensadas para el sector viverista, incluyendo chipeadora y fertilizadora. El encuentro est\u00e1 organizado por la C\u00e1mara de Viveristas que invit\u00f3 a la empresa Bernardin para mostrar sus propuestas para abordar un tema de importancia para el sector [&hellip;]<\/p>\n","protected":false},"author":4,"featured_media":32497,"comment_status":"open","ping_status":"closed","sticky":false,"template":"","format":"standard","meta":{"om_disable_all_campaigns":false,"_jetpack_memberships_contains_paid_content":false,"footnotes":""},"categories":[101,2],"tags":[],"class_list":["post-32496","post","type-post","status-publish","format-standard","has-post-thumbnail","hentry","category-interes-general-locales","category-locales"],"aioseo_notices":[],"gutentor_comment":0,"jetpack_featured_media_url":"https:\/\/eldiariodesanpedro.com.ar\/sitio\/wp-content\/uploads\/2018\/05\/unnamed.png","jetpack_shortlink":"https:\/\/wp.me\/p6RhLt-8s8","jetpack_sharing_enabled":true,"_links":{"self":[{"href":"https:\/\/eldiariodesanpedro.com.ar\/sitio\/wp-json\/wp\/v2\/posts\/32496","targetHints":{"allow":["GET"]}}],"collection":[{"href":"https:\/\/eldiariodesanpedro.com.ar\/sitio\/wp-json\/wp\/v2\/posts"}],"about":[{"href":"https:\/\/eldiariodesanpedro.com.ar\/sitio\/wp-json\/wp\/v2\/types\/post"}],"author":[{"embeddable":true,"href":"https:\/\/eldiariodesanpedro.com.ar\/sitio\/wp-json\/wp\/v2\/users\/4"}],"replies":[{"embeddable":true,"href":"https:\/\/eldiariodesanpedro.com.ar\/sitio\/wp-json\/wp\/v2\/comments?post=32496"}],"version-history":[{"count":1,"href":"https:\/\/eldiariodesanpedro.com.ar\/sitio\/wp-json\/wp\/v2\/posts\/32496\/revisions"}],"predecessor-version":[{"id":32498,"href":"https:\/\/eldiariodesanpedro.com.ar\/sitio\/wp-json\/wp\/v2\/posts\/32496\/revisions\/32498"}],"wp:featuredmedia":[{"embeddable":true,"href":"https:\/\/eldiariodesanpedro.com.ar\/sitio\/wp-json\/wp\/v2\/media\/32497"}],"wp:attachment":[{"href":"https:\/\/eldiariodesanpedro.com.ar\/sitio\/wp-json\/wp\/v2\/media?parent=32496"}],"wp:term":[{"taxonomy":"category","embeddable":true,"href":"https:\/\/eldiariodesanpedro.com.ar\/sitio\/wp-json\/wp\/v2\/categories?post=32496"},{"taxonomy":"post_tag","embeddable":true,"href":"https:\/\/eldiariodesanpedro.com.ar\/sitio\/wp-json\/wp\/v2\/tags?post=32496"}],"curies":[{"name":"wp","href":"https:\/\/api.w.org\/{rel}","templated":true}]}}