{"id":32494,"date":"2018-05-02T10:19:47","date_gmt":"2018-05-02T13:19:47","guid":{"rendered":"https:\/\/eldiariodesanpedro.com.ar\/sitio\/?p=32494"},"modified":"2018-05-02T10:19:47","modified_gmt":"2018-05-02T13:19:47","slug":"un-joven-pierde-el-conocimiento-al-impactar-en-su-moto-a-un-automovil","status":"publish","type":"post","link":"https:\/\/eldiariodesanpedro.com.ar\/sitio\/un-joven-pierde-el-conocimiento-al-impactar-en-su-moto-a-un-automovil\/","title":{"rendered":"Un joven pierde el conocimiento al impactar en su moto a un autom\u00f3vil"},"content":{"rendered":"<p><!-- VideographyWP Plugin Message: Automatic video embedding prevented by plugin options. --><br \/>\nUn joven de 26 a\u00f1os de edad result\u00f3 gravemente lesionado luego de impactar en la parte trasera a un autom\u00f3vil que se encontraba estacionado quedando con perdida de conocimiento.<\/p>\n<p>Este domingo alrededor de las 22 hs en la intersecci\u00f3n de Lucio Mansilla y Miguel Porta donde un joven que circulaba por Lucio Mansilla en una motocicleta tipo 110 cc colisiona en la parte trasera de un autom\u00f3vil Volkswagen Fox que se encontraba estacionado.<\/p>\n<p>Seg\u00fan pudieron ver testigos la motocicleta venia haciendo maniobras peligrosas, y ademas el conductor no trae consigo casco por lo que  el impacto fue directamente con la cabeza en la luneta del autom\u00f3vil.<\/p>\n<p>Al momento de la llegada de la ambulancia del SAME el joven conductor se encontraba con p\u00e9rdida de conocimiento por lo que fue trasladado de urgencia a la guardia del hospital donde luego de ex\u00e1menes el m\u00e9dico de guardia dictamina traumatismo craneal.<\/p>\n","protected":false},"excerpt":{"rendered":"<p>Un joven de 26 a\u00f1os de edad result\u00f3 gravemente lesionado luego de impactar en la parte trasera a un autom\u00f3vil que se encontraba estacionado quedando con perdida de conocimiento. Este domingo alrededor de las 22 hs en la intersecci\u00f3n de Lucio Mansilla y Miguel Porta donde un joven que circulaba por Lucio Mansilla en una [&hellip;]<\/p>\n","protected":false},"author":4,"featured_media":31339,"comment_status":"open","ping_status":"closed","sticky":false,"template":"","format":"standard","meta":{"om_disable_all_campaigns":false,"_jetpack_memberships_contains_paid_content":false,"footnotes":""},"categories":[50,2,103],"tags":[],"class_list":["post-32494","post","type-post","status-publish","format-standard","has-post-thumbnail","hentry","category-destacadas","category-locales","category-policiales-locales"],"aioseo_notices":[],"gutentor_comment":0,"jetpack_featured_media_url":"https:\/\/eldiariodesanpedro.com.ar\/sitio\/wp-content\/uploads\/2018\/04\/same_658x400.jpg","jetpack_shortlink":"https:\/\/wp.me\/p6RhLt-8s6","jetpack_sharing_enabled":true,"_links":{"self":[{"href":"https:\/\/eldiariodesanpedro.com.ar\/sitio\/wp-json\/wp\/v2\/posts\/32494","targetHints":{"allow":["GET"]}}],"collection":[{"href":"https:\/\/eldiariodesanpedro.com.ar\/sitio\/wp-json\/wp\/v2\/posts"}],"about":[{"href":"https:\/\/eldiariodesanpedro.com.ar\/sitio\/wp-json\/wp\/v2\/types\/post"}],"author":[{"embeddable":true,"href":"https:\/\/eldiariodesanpedro.com.ar\/sitio\/wp-json\/wp\/v2\/users\/4"}],"replies":[{"embeddable":true,"href":"https:\/\/eldiariodesanpedro.com.ar\/sitio\/wp-json\/wp\/v2\/comments?post=32494"}],"version-history":[{"count":1,"href":"https:\/\/eldiariodesanpedro.com.ar\/sitio\/wp-json\/wp\/v2\/posts\/32494\/revisions"}],"predecessor-version":[{"id":32495,"href":"https:\/\/eldiariodesanpedro.com.ar\/sitio\/wp-json\/wp\/v2\/posts\/32494\/revisions\/32495"}],"wp:featuredmedia":[{"embeddable":true,"href":"https:\/\/eldiariodesanpedro.com.ar\/sitio\/wp-json\/wp\/v2\/media\/31339"}],"wp:attachment":[{"href":"https:\/\/eldiariodesanpedro.com.ar\/sitio\/wp-json\/wp\/v2\/media?parent=32494"}],"wp:term":[{"taxonomy":"category","embeddable":true,"href":"https:\/\/eldiariodesanpedro.com.ar\/sitio\/wp-json\/wp\/v2\/categories?post=32494"},{"taxonomy":"post_tag","embeddable":true,"href":"https:\/\/eldiariodesanpedro.com.ar\/sitio\/wp-json\/wp\/v2\/tags?post=32494"}],"curies":[{"name":"wp","href":"https:\/\/api.w.org\/{rel}","templated":true}]}}