{"id":32487,"date":"2018-05-01T21:03:44","date_gmt":"2018-05-02T00:03:44","guid":{"rendered":"https:\/\/eldiariodesanpedro.com.ar\/sitio\/?p=32487"},"modified":"2018-05-01T21:03:44","modified_gmt":"2018-05-02T00:03:44","slug":"tres-delitos-de-robo-y-hurto","status":"publish","type":"post","link":"https:\/\/eldiariodesanpedro.com.ar\/sitio\/tres-delitos-de-robo-y-hurto\/","title":{"rendered":"Tres delitos de robo y hurto"},"content":{"rendered":"<p><!-- VideographyWP Plugin Message: Automatic video embedding prevented by plugin options. --><br \/>\n  Una ciudadana realiz\u00f3 una denuncia este viernes en la Comisar\u00eda por un hecho de arrebato. Ella circulaba en bicicleta y, en la intersecci\u00f3n de las calles Padre Santana y Pav\u00f3n, cuando una pareja que se trasladaba en moto le sustrajo la mochila que llevaba en el canasto de su bici. En la misma llevaba fotocopias y cuadernillos escolares.<\/p>\n<p>  Durante la madrugada del lunes, alrededor de las 04.00 hs., autores ignorados cortaron el alambre perimetral de un predio ubicado sobre el camino al Aeroclub, moj\u00f3n 60 y, sustrajeron una bicicleta playera roja de dama, gallinas y 6 conejos.<\/p>\n<p>  El mismo lunes, una mujer que caminaba por calle Ituzaing\u00f3 al 1000 fue interceptada por dos hombres que iban en motocicleta. El que iba de acompa\u00f1ante descendi\u00f3 y le sustrajo su cartera.<\/p>\n","protected":false},"excerpt":{"rendered":"<p>Una ciudadana realiz\u00f3 una denuncia este viernes en la Comisar\u00eda por un hecho de arrebato. Ella circulaba en bicicleta y, en la intersecci\u00f3n de las calles Padre Santana y Pav\u00f3n, cuando una pareja que se trasladaba en moto le sustrajo la mochila que llevaba en el canasto de su bici. En la misma llevaba fotocopias [&hellip;]<\/p>\n","protected":false},"author":4,"featured_media":26677,"comment_status":"open","ping_status":"closed","sticky":false,"template":"","format":"standard","meta":{"om_disable_all_campaigns":false,"_jetpack_memberships_contains_paid_content":false,"footnotes":""},"categories":[2,103],"tags":[],"class_list":["post-32487","post","type-post","status-publish","format-standard","has-post-thumbnail","hentry","category-locales","category-policiales-locales"],"aioseo_notices":[],"gutentor_comment":0,"jetpack_featured_media_url":"https:\/\/eldiariodesanpedro.com.ar\/sitio\/wp-content\/uploads\/2017\/12\/patrullas-policia-noche.jpg","jetpack_shortlink":"https:\/\/wp.me\/p6RhLt-8rZ","jetpack_sharing_enabled":true,"_links":{"self":[{"href":"https:\/\/eldiariodesanpedro.com.ar\/sitio\/wp-json\/wp\/v2\/posts\/32487","targetHints":{"allow":["GET"]}}],"collection":[{"href":"https:\/\/eldiariodesanpedro.com.ar\/sitio\/wp-json\/wp\/v2\/posts"}],"about":[{"href":"https:\/\/eldiariodesanpedro.com.ar\/sitio\/wp-json\/wp\/v2\/types\/post"}],"author":[{"embeddable":true,"href":"https:\/\/eldiariodesanpedro.com.ar\/sitio\/wp-json\/wp\/v2\/users\/4"}],"replies":[{"embeddable":true,"href":"https:\/\/eldiariodesanpedro.com.ar\/sitio\/wp-json\/wp\/v2\/comments?post=32487"}],"version-history":[{"count":1,"href":"https:\/\/eldiariodesanpedro.com.ar\/sitio\/wp-json\/wp\/v2\/posts\/32487\/revisions"}],"predecessor-version":[{"id":32492,"href":"https:\/\/eldiariodesanpedro.com.ar\/sitio\/wp-json\/wp\/v2\/posts\/32487\/revisions\/32492"}],"wp:featuredmedia":[{"embeddable":true,"href":"https:\/\/eldiariodesanpedro.com.ar\/sitio\/wp-json\/wp\/v2\/media\/26677"}],"wp:attachment":[{"href":"https:\/\/eldiariodesanpedro.com.ar\/sitio\/wp-json\/wp\/v2\/media?parent=32487"}],"wp:term":[{"taxonomy":"category","embeddable":true,"href":"https:\/\/eldiariodesanpedro.com.ar\/sitio\/wp-json\/wp\/v2\/categories?post=32487"},{"taxonomy":"post_tag","embeddable":true,"href":"https:\/\/eldiariodesanpedro.com.ar\/sitio\/wp-json\/wp\/v2\/tags?post=32487"}],"curies":[{"name":"wp","href":"https:\/\/api.w.org\/{rel}","templated":true}]}}