{"id":32486,"date":"2018-05-01T21:02:04","date_gmt":"2018-05-02T00:02:04","guid":{"rendered":"https:\/\/eldiariodesanpedro.com.ar\/sitio\/?p=32486"},"modified":"2018-05-01T21:02:04","modified_gmt":"2018-05-02T00:02:04","slug":"un-hombre-que-habria-abusado-sexualmente-de-dos-ninos-fue-aprehendido","status":"publish","type":"post","link":"https:\/\/eldiariodesanpedro.com.ar\/sitio\/un-hombre-que-habria-abusado-sexualmente-de-dos-ninos-fue-aprehendido\/","title":{"rendered":"Un hombre que habr\u00eda abusado sexualmente de dos ni\u00f1os fue aprehendido"},"content":{"rendered":"<p><!-- VideographyWP Plugin Message: Automatic video embedding prevented by plugin options. --><br \/>\nEl grave hecho sucedi\u00f3 el pasado s\u00e1bado por la tarde en un domicilio ubicado en calle La Laguna, cuando un hombre mayor de edad amigo de la familia qued\u00f3 a cargo de dos ni\u00f1os de 7 y 10 a\u00f1os, cuando sus padres salieron por un mandado. Cuando llegaron, lo encontraron en infraganti delito, por lo que fue aprehendido por oficiales que casualmente pasaban por el lugar.<\/p>\n<p>  Este s\u00e1bado a la tarde en La Laguna al 1000 fue aprehendido un hombre de 45 a\u00f1os. Los padres de dos ni\u00f1os le habr\u00edan pedido a este amigo de la familia que los cuide mientras ellos se ausentaban para poder ir hasta un cajero autom\u00e1tico de la zona c\u00e9ntrica.<\/p>\n<p>  Seg\u00fan el relato de los hermanitos, una ni\u00f1a de 10 y un var\u00f3n de 7 a\u00f1os, este hombre aprovech\u00f3 el momento para manosearlos, bajarse el pantal\u00f3n y decirle cosas obscenas.<\/p>\n<p>  Cuando los padres regresan al domicilio, encontraron a esta persona con los pantalones bajos, por lo que los ni\u00f1os contaron lo sucedido.   <\/p>\n<p>  Inmediatamente salieron a la calle y encontraron casualmente un m\u00f3vil que patrullaba la zona, por lo que el sujeto fue reducido y trasladado a la Comisar\u00eda local.<\/p>\n<p>  La causa est\u00e1 a cargo del Fiscal Marcelo Manso quien dispuso realizar a los ni\u00f1os c\u00e1mara Gesell, por lo que el agresor qued\u00f3 aprehendido y luego de tomarle declaraci\u00f3n, fue trasladado a la Comisar\u00eda 1\u00ba de San Nicol\u00e1s donde permanecer\u00e1 alojado. <\/p>\n","protected":false},"excerpt":{"rendered":"<p>El grave hecho sucedi\u00f3 el pasado s\u00e1bado por la tarde en un domicilio ubicado en calle La Laguna, cuando un hombre mayor de edad amigo de la familia qued\u00f3 a cargo de dos ni\u00f1os de 7 y 10 a\u00f1os, cuando sus padres salieron por un mandado. Cuando llegaron, lo encontraron en infraganti delito, por lo [&hellip;]<\/p>\n","protected":false},"author":4,"featured_media":32490,"comment_status":"open","ping_status":"closed","sticky":false,"template":"","format":"standard","meta":{"om_disable_all_campaigns":false,"_jetpack_memberships_contains_paid_content":false,"footnotes":""},"categories":[50,2,103],"tags":[],"class_list":["post-32486","post","type-post","status-publish","format-standard","has-post-thumbnail","hentry","category-destacadas","category-locales","category-policiales-locales"],"aioseo_notices":[],"gutentor_comment":0,"jetpack_featured_media_url":"https:\/\/eldiariodesanpedro.com.ar\/sitio\/wp-content\/uploads\/2018\/05\/Comisar\u00eda-1\u00ba-de-San-Nicol\u00e1s.jpg","jetpack_shortlink":"https:\/\/wp.me\/p6RhLt-8rY","jetpack_sharing_enabled":true,"_links":{"self":[{"href":"https:\/\/eldiariodesanpedro.com.ar\/sitio\/wp-json\/wp\/v2\/posts\/32486","targetHints":{"allow":["GET"]}}],"collection":[{"href":"https:\/\/eldiariodesanpedro.com.ar\/sitio\/wp-json\/wp\/v2\/posts"}],"about":[{"href":"https:\/\/eldiariodesanpedro.com.ar\/sitio\/wp-json\/wp\/v2\/types\/post"}],"author":[{"embeddable":true,"href":"https:\/\/eldiariodesanpedro.com.ar\/sitio\/wp-json\/wp\/v2\/users\/4"}],"replies":[{"embeddable":true,"href":"https:\/\/eldiariodesanpedro.com.ar\/sitio\/wp-json\/wp\/v2\/comments?post=32486"}],"version-history":[{"count":1,"href":"https:\/\/eldiariodesanpedro.com.ar\/sitio\/wp-json\/wp\/v2\/posts\/32486\/revisions"}],"predecessor-version":[{"id":32491,"href":"https:\/\/eldiariodesanpedro.com.ar\/sitio\/wp-json\/wp\/v2\/posts\/32486\/revisions\/32491"}],"wp:featuredmedia":[{"embeddable":true,"href":"https:\/\/eldiariodesanpedro.com.ar\/sitio\/wp-json\/wp\/v2\/media\/32490"}],"wp:attachment":[{"href":"https:\/\/eldiariodesanpedro.com.ar\/sitio\/wp-json\/wp\/v2\/media?parent=32486"}],"wp:term":[{"taxonomy":"category","embeddable":true,"href":"https:\/\/eldiariodesanpedro.com.ar\/sitio\/wp-json\/wp\/v2\/categories?post=32486"},{"taxonomy":"post_tag","embeddable":true,"href":"https:\/\/eldiariodesanpedro.com.ar\/sitio\/wp-json\/wp\/v2\/tags?post=32486"}],"curies":[{"name":"wp","href":"https:\/\/api.w.org\/{rel}","templated":true}]}}