{"id":32485,"date":"2018-05-01T20:58:54","date_gmt":"2018-05-01T23:58:54","guid":{"rendered":"https:\/\/eldiariodesanpedro.com.ar\/sitio\/?p=32485"},"modified":"2018-05-01T20:58:54","modified_gmt":"2018-05-01T23:58:54","slug":"un-menor-que-habia-apunalado-a-dos-personas-fue-aprehendido","status":"publish","type":"post","link":"https:\/\/eldiariodesanpedro.com.ar\/sitio\/un-menor-que-habia-apunalado-a-dos-personas-fue-aprehendido\/","title":{"rendered":"Un menor que hab\u00eda apu\u00f1alado a dos personas fue aprehendido"},"content":{"rendered":"<p><!-- VideographyWP Plugin Message: Automatic video embedding prevented by plugin options. --><br \/>\n  Este domingo en la calle Pellegrini, entre Obligado y Las Heras, se aprehendi\u00f3 a joven de 15 a\u00f1os y se realiz\u00f3 el secuestro de un elemento punzante en su poder.<\/p>\n<p>  Momentos antes, tras ri\u00f1a callejera, provoc\u00f3 lesiones a otros j\u00f3venes de 18 y de 21 a\u00f1os, resultando ambos con heridas cortantes en el abdomen.    <\/p>\n<p>  Luego de la declaraci\u00f3n testimonial, se supo que tienen problemas de larga data.  <\/p>\n","protected":false},"excerpt":{"rendered":"<p>Este domingo en la calle Pellegrini, entre Obligado y Las Heras, se aprehendi\u00f3 a joven de 15 a\u00f1os y se realiz\u00f3 el secuestro de un elemento punzante en su poder. Momentos antes, tras ri\u00f1a callejera, provoc\u00f3 lesiones a otros j\u00f3venes de 18 y de 21 a\u00f1os, resultando ambos con heridas cortantes en el abdomen. Luego [&hellip;]<\/p>\n","protected":false},"author":4,"featured_media":28826,"comment_status":"open","ping_status":"closed","sticky":false,"template":"","format":"standard","meta":{"om_disable_all_campaigns":false,"_jetpack_memberships_contains_paid_content":false,"footnotes":""},"categories":[2,103],"tags":[],"class_list":["post-32485","post","type-post","status-publish","format-standard","has-post-thumbnail","hentry","category-locales","category-policiales-locales"],"aioseo_notices":[],"gutentor_comment":0,"jetpack_featured_media_url":"https:\/\/eldiariodesanpedro.com.ar\/sitio\/wp-content\/uploads\/2018\/02\/detenido-4.jpg","jetpack_shortlink":"https:\/\/wp.me\/p6RhLt-8rX","jetpack_sharing_enabled":true,"_links":{"self":[{"href":"https:\/\/eldiariodesanpedro.com.ar\/sitio\/wp-json\/wp\/v2\/posts\/32485","targetHints":{"allow":["GET"]}}],"collection":[{"href":"https:\/\/eldiariodesanpedro.com.ar\/sitio\/wp-json\/wp\/v2\/posts"}],"about":[{"href":"https:\/\/eldiariodesanpedro.com.ar\/sitio\/wp-json\/wp\/v2\/types\/post"}],"author":[{"embeddable":true,"href":"https:\/\/eldiariodesanpedro.com.ar\/sitio\/wp-json\/wp\/v2\/users\/4"}],"replies":[{"embeddable":true,"href":"https:\/\/eldiariodesanpedro.com.ar\/sitio\/wp-json\/wp\/v2\/comments?post=32485"}],"version-history":[{"count":1,"href":"https:\/\/eldiariodesanpedro.com.ar\/sitio\/wp-json\/wp\/v2\/posts\/32485\/revisions"}],"predecessor-version":[{"id":32488,"href":"https:\/\/eldiariodesanpedro.com.ar\/sitio\/wp-json\/wp\/v2\/posts\/32485\/revisions\/32488"}],"wp:featuredmedia":[{"embeddable":true,"href":"https:\/\/eldiariodesanpedro.com.ar\/sitio\/wp-json\/wp\/v2\/media\/28826"}],"wp:attachment":[{"href":"https:\/\/eldiariodesanpedro.com.ar\/sitio\/wp-json\/wp\/v2\/media?parent=32485"}],"wp:term":[{"taxonomy":"category","embeddable":true,"href":"https:\/\/eldiariodesanpedro.com.ar\/sitio\/wp-json\/wp\/v2\/categories?post=32485"},{"taxonomy":"post_tag","embeddable":true,"href":"https:\/\/eldiariodesanpedro.com.ar\/sitio\/wp-json\/wp\/v2\/tags?post=32485"}],"curies":[{"name":"wp","href":"https:\/\/api.w.org\/{rel}","templated":true}]}}