{"id":32484,"date":"2018-05-01T20:59:00","date_gmt":"2018-05-01T23:59:00","guid":{"rendered":"https:\/\/eldiariodesanpedro.com.ar\/sitio\/?p=32484"},"modified":"2018-05-01T20:59:00","modified_gmt":"2018-05-01T23:59:00","slug":"se-realizo-un-allanamiento-con-orden-de-detencion","status":"publish","type":"post","link":"https:\/\/eldiariodesanpedro.com.ar\/sitio\/se-realizo-un-allanamiento-con-orden-de-detencion\/","title":{"rendered":"Se realiz\u00f3 un allanamiento con orden de detenci\u00f3n"},"content":{"rendered":"<p><!-- VideographyWP Plugin Message: Automatic video embedding prevented by plugin options. --><br \/>\n  El viernes pasado por la tarde se realiz\u00f3 un allanamiento en calle Saavedra al 2600. All\u00ed, se procedi\u00f3 a la detenci\u00f3n de una mujer de 40 a\u00f1os ordenado por el Juzgado de Ejecuci\u00f3n Penal. <\/p>\n<p>  La misma fue trasladada a la Comisar\u00eda de Ramallo a la espera de su remisi\u00f3n a la unidad carcelaria. <\/p>\n","protected":false},"excerpt":{"rendered":"<p>El viernes pasado por la tarde se realiz\u00f3 un allanamiento en calle Saavedra al 2600. All\u00ed, se procedi\u00f3 a la detenci\u00f3n de una mujer de 40 a\u00f1os ordenado por el Juzgado de Ejecuci\u00f3n Penal. La misma fue trasladada a la Comisar\u00eda de Ramallo a la espera de su remisi\u00f3n a la unidad carcelaria.<\/p>\n","protected":false},"author":4,"featured_media":27045,"comment_status":"open","ping_status":"closed","sticky":false,"template":"","format":"standard","meta":{"om_disable_all_campaigns":false,"_jetpack_memberships_contains_paid_content":false,"footnotes":""},"categories":[2,103],"tags":[],"class_list":["post-32484","post","type-post","status-publish","format-standard","has-post-thumbnail","hentry","category-locales","category-policiales-locales"],"aioseo_notices":[],"gutentor_comment":0,"jetpack_featured_media_url":"https:\/\/eldiariodesanpedro.com.ar\/sitio\/wp-content\/uploads\/2017\/12\/Detenida.jpg","jetpack_shortlink":"https:\/\/wp.me\/p6RhLt-8rW","jetpack_sharing_enabled":true,"_links":{"self":[{"href":"https:\/\/eldiariodesanpedro.com.ar\/sitio\/wp-json\/wp\/v2\/posts\/32484","targetHints":{"allow":["GET"]}}],"collection":[{"href":"https:\/\/eldiariodesanpedro.com.ar\/sitio\/wp-json\/wp\/v2\/posts"}],"about":[{"href":"https:\/\/eldiariodesanpedro.com.ar\/sitio\/wp-json\/wp\/v2\/types\/post"}],"author":[{"embeddable":true,"href":"https:\/\/eldiariodesanpedro.com.ar\/sitio\/wp-json\/wp\/v2\/users\/4"}],"replies":[{"embeddable":true,"href":"https:\/\/eldiariodesanpedro.com.ar\/sitio\/wp-json\/wp\/v2\/comments?post=32484"}],"version-history":[{"count":1,"href":"https:\/\/eldiariodesanpedro.com.ar\/sitio\/wp-json\/wp\/v2\/posts\/32484\/revisions"}],"predecessor-version":[{"id":32489,"href":"https:\/\/eldiariodesanpedro.com.ar\/sitio\/wp-json\/wp\/v2\/posts\/32484\/revisions\/32489"}],"wp:featuredmedia":[{"embeddable":true,"href":"https:\/\/eldiariodesanpedro.com.ar\/sitio\/wp-json\/wp\/v2\/media\/27045"}],"wp:attachment":[{"href":"https:\/\/eldiariodesanpedro.com.ar\/sitio\/wp-json\/wp\/v2\/media?parent=32484"}],"wp:term":[{"taxonomy":"category","embeddable":true,"href":"https:\/\/eldiariodesanpedro.com.ar\/sitio\/wp-json\/wp\/v2\/categories?post=32484"},{"taxonomy":"post_tag","embeddable":true,"href":"https:\/\/eldiariodesanpedro.com.ar\/sitio\/wp-json\/wp\/v2\/tags?post=32484"}],"curies":[{"name":"wp","href":"https:\/\/api.w.org\/{rel}","templated":true}]}}