{"id":32477,"date":"2018-05-01T20:50:42","date_gmt":"2018-05-01T23:50:42","guid":{"rendered":"https:\/\/eldiariodesanpedro.com.ar\/sitio\/?p=32477"},"modified":"2026-01-24T00:16:23","modified_gmt":"2026-01-24T03:16:23","slug":"futbol-infantil-la-7ma-fecha-se-jugo-parcialmente","status":"publish","type":"post","link":"https:\/\/eldiariodesanpedro.com.ar\/sitio\/futbol-infantil-la-7ma-fecha-se-jugo-parcialmente\/","title":{"rendered":"F\u00daTBOL INFANTIL: La 7ma fecha se jug\u00f3 parcialmente"},"content":{"rendered":"<p><!-- VideographyWP Plugin Message: Automatic video embedding prevented by plugin options. --><br \/>\n  La lluvia fue la gran protagonista del s\u00e1bado en el f\u00fatbol de los m\u00e1s chicos, de 11 canchas se jug\u00f3 s\u00f3lo en dos, el resto se reprogram\u00f3 en principio para ayer y luego para m\u00e1s adelante. La Liga Infantil en horas de la ma\u00f1ana suspendi\u00f3 los partidos a jugarse en Baradero y Santa Lucia, donde la lluvia comenz\u00f3 mucho m\u00e1s temprano, pero luego con el correr de las horas, los \u00e1rbitros decidieron suspender por la lluvia y en algunas zonas por tormentas el\u00e9ctricas. <\/p>\n<p><strong>Resultados<\/strong><br \/>\nAm\u00e9rica vs. Independiente<br \/>\n2011: 1 &#8211; 1<br \/>\n2010: 1 &#8211; 0<br \/>\n2009: 5 &#8211; 0<br \/>\n2008: 7 &#8211; 0<br \/>\n2007: 2 &#8211; 1<br \/>\n2006: 3 &#8211; 1<\/p>\n<p>Defensores Unidos vs. General San Mart\u00edn<br \/>\n2011: 2 &#8211; 5<br \/>\n2010: 0 &#8211; 5<br \/>\n2009: 1 &#8211; 4<br \/>\n2008: 2 &#8211; 5<br \/>\n2007: 1 &#8211; 2<br \/>\n2006: 1 &#8211; 1<\/p>\n<p><strong>Partidos a reprogramarse<\/strong><br \/>\nVilla Igoillo (San Pedro) &#8211; Atl\u00e9tico (Baradero)<br \/>\nCosta Azul (Baradero) &#8211; Sportivo (Baradero)<br \/>\nAgricultores (Gob. Castro) &#8211; Mitre (San Pedro)<br \/>\nSan Roque (San Pedro) &#8211; El Tanque (San Pedro)<br \/>\nRivadavia (Baradero) &#8211; Dep. Alsina (Alsina)<br \/>\nFundici\u00f3n (Baradero) &#8211; Los Andes (San Pedro)<br \/>\nC. C\u00f3rdoba (Santa Luc\u00eda)- El Porvenir (San Pedro)<br \/>\nPescadores (San Pedro) &#8211; Castro FC (Gob. Castro)<br \/>\nIndependencia (San Pedro) &#8211; Paran\u00e1 FC (San Pedro)<br \/>\nCosta Azul (Baradero) &#8211; Sportivo (Baradero)<br \/>\nAgricultores (Gob. Castro) &#8211; Mitre (San Pedro)<br \/>\nSan Roque (San Pedro) &#8211; El Tanque (San Pedro)<br \/>\nRivadavia (Baradero) &#8211; Dep. Alsina (Alsina)<br \/>\nFundici\u00f3n (Baradero) &#8211; Los Andes (San Pedro)<br \/>\nC. C\u00f3rdoba (Santa Luc\u00eda)- El Porvenir (San Pedro)<br \/>\nPescadores (San Pedro) &#8211; Castro FC (Gob. Castro)<br \/>\nIndependencia (San Pedro) &#8211; Paran\u00e1 FC (San Pedro)<\/p>\n","protected":false},"excerpt":{"rendered":"<p>La lluvia fue la gran protagonista del s\u00e1bado en el f\u00fatbol de los m\u00e1s chicos, de 11 canchas se jug\u00f3 s\u00f3lo en dos, el resto se reprogram\u00f3 en principio para ayer y luego para m\u00e1s adelante. La Liga Infantil en horas de la ma\u00f1ana suspendi\u00f3 los partidos a jugarse en Baradero y Santa Lucia, donde [&hellip;]<\/p>\n","protected":false},"author":4,"featured_media":10282,"comment_status":"open","ping_status":"closed","sticky":false,"template":"","format":"standard","meta":{"om_disable_all_campaigns":false,"_jetpack_memberships_contains_paid_content":false,"footnotes":""},"categories":[5],"tags":[],"class_list":["post-32477","post","type-post","status-publish","format-standard","has-post-thumbnail","hentry","category-deportes"],"aioseo_notices":[],"gutentor_comment":0,"jetpack_featured_media_url":"https:\/\/eldiariodesanpedro.com.ar\/sitio\/wp-content\/uploads\/2016\/11\/futbol-infantil.jpg","jetpack_shortlink":"https:\/\/wp.me\/p6RhLt-8rP","jetpack_sharing_enabled":true,"_links":{"self":[{"href":"https:\/\/eldiariodesanpedro.com.ar\/sitio\/wp-json\/wp\/v2\/posts\/32477","targetHints":{"allow":["GET"]}}],"collection":[{"href":"https:\/\/eldiariodesanpedro.com.ar\/sitio\/wp-json\/wp\/v2\/posts"}],"about":[{"href":"https:\/\/eldiariodesanpedro.com.ar\/sitio\/wp-json\/wp\/v2\/types\/post"}],"author":[{"embeddable":true,"href":"https:\/\/eldiariodesanpedro.com.ar\/sitio\/wp-json\/wp\/v2\/users\/4"}],"replies":[{"embeddable":true,"href":"https:\/\/eldiariodesanpedro.com.ar\/sitio\/wp-json\/wp\/v2\/comments?post=32477"}],"version-history":[{"count":2,"href":"https:\/\/eldiariodesanpedro.com.ar\/sitio\/wp-json\/wp\/v2\/posts\/32477\/revisions"}],"predecessor-version":[{"id":32483,"href":"https:\/\/eldiariodesanpedro.com.ar\/sitio\/wp-json\/wp\/v2\/posts\/32477\/revisions\/32483"}],"wp:featuredmedia":[{"embeddable":true,"href":"https:\/\/eldiariodesanpedro.com.ar\/sitio\/wp-json\/wp\/v2\/media\/10282"}],"wp:attachment":[{"href":"https:\/\/eldiariodesanpedro.com.ar\/sitio\/wp-json\/wp\/v2\/media?parent=32477"}],"wp:term":[{"taxonomy":"category","embeddable":true,"href":"https:\/\/eldiariodesanpedro.com.ar\/sitio\/wp-json\/wp\/v2\/categories?post=32477"},{"taxonomy":"post_tag","embeddable":true,"href":"https:\/\/eldiariodesanpedro.com.ar\/sitio\/wp-json\/wp\/v2\/tags?post=32477"}],"curies":[{"name":"wp","href":"https:\/\/api.w.org\/{rel}","templated":true}]}}