{"id":32473,"date":"2018-05-01T20:50:22","date_gmt":"2018-05-01T23:50:22","guid":{"rendered":"https:\/\/eldiariodesanpedro.com.ar\/sitio\/?p=32473"},"modified":"2026-01-24T00:16:23","modified_gmt":"2026-01-24T03:16:23","slug":"el-clasico-se-tino-de-rojo-mitre-le-gano-a-parana-en-el-clasico-con-gol-de-mallo","status":"publish","type":"post","link":"https:\/\/eldiariodesanpedro.com.ar\/sitio\/el-clasico-se-tino-de-rojo-mitre-le-gano-a-parana-en-el-clasico-con-gol-de-mallo\/","title":{"rendered":"EL CL\u00c1SICO SE TI\u00d1\u00d3 DE ROJO: Mitre le gan\u00f3 a Paran\u00e1 en el cl\u00e1sico con gol de Mallo"},"content":{"rendered":"<p><!-- VideographyWP Plugin Message: Automatic video embedding prevented by plugin options. --><br \/>\n  El cl\u00e1sico, como todo partido que interesa, convoc\u00f3 a mucha gente en el \u201cJorge D\u00e9lfor Suarez\u201d que qued\u00f3 chico en su capacidad. Paran\u00e1 recibi\u00f3 a Mitre y los dos ven\u00edan de ganar en la fecha anterior, un condimento m\u00e1s para los hinchas de dos equipos que ser\u00e1n candidatos a pelear bien arriba en el Torneo Apertura \u201cJorge Santiso\u201d.<br \/>\n  Se jug\u00f3 en espacios reducidos, mucha marca y poco espacio para los que pueden generar f\u00fatbol, en consecuencia, pocas situaciones de riesgo en un cotejo con mucha paridad. Pero todo cambio cuando Mitre se puso en ventaja, a trav\u00e9s del juvenil Bautista Mallo a los 70m, ya que oblig\u00f3 al local a salir a buscar la igualdad y all\u00ed fall\u00f3 en la definici\u00f3n. La visita sufri\u00f3 la expulsi\u00f3n de Lucas B\u00e9 a poco del final.  <\/p>\n<p><strong>S\u00edntesis<\/strong><br \/>\nParan\u00e1 (0): Piris, Schallibaum, Arrieta, Sepich, Longueira, Torrillo, Boaglio, \u00c1lvarez, Cerrutti, Trelles y Ledesma. Relevos: Seery, Garc\u00eda, Ramos, Sacca y Machado. DT: G. Fortunato.<br \/>\nMitre (1): Chebeste, Velasco, Gorbar\u00e1n, Perfume, Escobar, Naso, Mallo, Ramis, Marcelo Rodr\u00edguez, Esp\u00edndola y G\u00f3mez. Relevos: Rasio, Juan Rodr\u00edguez, Bianchini, Azimonti y Be. DT: A. D\u00edaz.<br \/>\nCambios: Sacca por Cerrutti, Ramos por Longueira y Machado por Sepich en Parana.<br \/>\nRodr\u00edguez por Gorbar\u00e1n, Be por G\u00f3mez y Azimonti por Mallo en Mitre:<\/p>\n<p>Gol: 70m Mallo (M)<br \/>\nIncidencias: Exp. B\u00e9 (M)<br \/>\n\u00c1rbitro. Roberto Sena.  <\/p>\n<p>Paran\u00e1 les entreg\u00f3<br \/>\na Francisco Ramis<br \/>\ny Francisco Esp\u00edndola<br \/>\nuna plaqueta<\/p>\n<p>  Paran\u00e1-Mitre, Mitre-Paran\u00e1, un cl\u00e1sico que comenz\u00f3 en 1933 y escribi\u00f3 muchas paginas de la historia del f\u00fatbol local, an\u00e9cdotas por miles, pensar en que un rival cambiara de camiseta, aunque sea por un rato, era casi imposible, pero con el correr de los a\u00f1os fue cambiando, tanto que una gran campa\u00f1a de Mitre en los \u00b4viejos\u00b4 Torneos Regionales llega con jugadores de su rival como Grimoldi, Ram\u00f3n y Durante entre otros, pasaron varios a\u00f1os y aparecieron los Santi, Franzoia, Mattig, Bertolini, etc. para pasar a tener Mitre una pagina de su historia de las m\u00e1s importantes en t\u00edtulos y ahora fue Paran\u00e1 quien llev\u00f3 dos jugadores del \u00b4rojo\u00b4 para jugar el Federal \u201cC\u201d. <\/p>\n<p>  Francisco Ramis (de una familia tradicional de San Pedro bien \u00b4roja\u00b4) y Francisco \u201cPancho\u201d Esp\u00edndola, jugaron y lo hicieron muy bien, tanto que dejaron una linda amistad con muchos de los jugadores del \u00b4rival\u00b4. Este s\u00e1bado, previo al partido, dirigentes de Paran\u00e1 y jugadores reconocieron la labor de ambos y les entregaron una plaqueta recordatoria y de agradecimiento. <\/p>\n<p>  El clima, tal lo anunciaba el SMN, no dej\u00f3 ayer disputar gran parte de los partidos de la quinta fecha del Torneo Apertura, quedando postergados los cotejos entre Central C\u00f3rdoba-La Esperanza (en principio para el martes 1\u00b0 de mayo) y para ese mismo d\u00eda San Roque vs. Dep. Alsina y el postergado de la fecha 4 entre I. Portela y Sp. Am\u00e9rica. El resto, Agricultores-Sportivo, Banfield-I. Portela, Am\u00e9rica-Fundici\u00f3n, Las Palmeras-Atl\u00e9tico, Independencia-Rivadavia y San Mart\u00edn-CADU, habr\u00e1 que esperar si pasa para el s\u00e1bado 5 y domingo 6 de mayo.<\/p>\n<p><img decoding=\"async\" data-attachment-id=\"32475\" data-permalink=\"https:\/\/eldiariodesanpedro.com.ar\/sitio\/el-clasico-se-tino-de-rojo-mitre-le-gano-a-parana-en-el-clasico-con-gol-de-mallo\/parana-cayo-en-su-cancha-aunque-el-empate-hubiese-sido-lo-mas-justo\/\" data-orig-file=\"https:\/\/eldiariodesanpedro.com.ar\/sitio\/wp-content\/uploads\/2018\/05\/Paran\u00e1-cay\u00f3-en-su-cancha-aunque-el-empate-hubiese-sido-lo-m\u00e1s-justo.jpg\" data-orig-size=\"1000,750\" data-comments-opened=\"1\" data-image-meta=\"{&quot;aperture&quot;:&quot;3.5&quot;,&quot;credit&quot;:&quot;&quot;,&quot;camera&quot;:&quot;FinePix S5800 S800&quot;,&quot;caption&quot;:&quot;&quot;,&quot;created_timestamp&quot;:&quot;1515372368&quot;,&quot;copyright&quot;:&quot;&quot;,&quot;focal_length&quot;:&quot;6.3&quot;,&quot;iso&quot;:&quot;800&quot;,&quot;shutter_speed&quot;:&quot;0.022222222222222&quot;,&quot;title&quot;:&quot;&quot;,&quot;orientation&quot;:&quot;0&quot;}\" data-image-title=\"Paran\u00e1 cay\u00f3 en su cancha, aunque el empate hubiese sido lo m\u00e1s justo\" data-image-description=\"\" data-image-caption=\"\" data-large-file=\"https:\/\/eldiariodesanpedro.com.ar\/sitio\/wp-content\/uploads\/2018\/05\/Paran\u00e1-cay\u00f3-en-su-cancha-aunque-el-empate-hubiese-sido-lo-m\u00e1s-justo.jpg\" data-src=\"https:\/\/eldiariodesanpedro.com.ar\/sitio\/wp-content\/uploads\/2018\/05\/Paran\u00e1-cay\u00f3-en-su-cancha-aunque-el-empate-hubiese-sido-lo-m\u00e1s-justo.jpg\" alt=\"\" width=\"1000\" height=\"750\" class=\"alignnone size-full wp-image-32475 lazyload\" data-srcset=\"https:\/\/eldiariodesanpedro.com.ar\/sitio\/wp-content\/uploads\/2018\/05\/Paran\u00e1-cay\u00f3-en-su-cancha-aunque-el-empate-hubiese-sido-lo-m\u00e1s-justo.jpg 1000w, https:\/\/eldiariodesanpedro.com.ar\/sitio\/wp-content\/uploads\/2018\/05\/Paran\u00e1-cay\u00f3-en-su-cancha-aunque-el-empate-hubiese-sido-lo-m\u00e1s-justo-300x225.jpg 300w, https:\/\/eldiariodesanpedro.com.ar\/sitio\/wp-content\/uploads\/2018\/05\/Paran\u00e1-cay\u00f3-en-su-cancha-aunque-el-empate-hubiese-sido-lo-m\u00e1s-justo-768x576.jpg 768w\" data-sizes=\"(max-width: 1000px) 100vw, 1000px\" src=\"data:image\/svg+xml;base64,PHN2ZyB3aWR0aD0iMSIgaGVpZ2h0PSIxIiB4bWxucz0iaHR0cDovL3d3dy53My5vcmcvMjAwMC9zdmciPjwvc3ZnPg==\" style=\"--smush-placeholder-width: 1000px; --smush-placeholder-aspect-ratio: 1000\/750;\" \/><\/p>\n","protected":false},"excerpt":{"rendered":"<p>El cl\u00e1sico, como todo partido que interesa, convoc\u00f3 a mucha gente en el \u201cJorge D\u00e9lfor Suarez\u201d que qued\u00f3 chico en su capacidad. Paran\u00e1 recibi\u00f3 a Mitre y los dos ven\u00edan de ganar en la fecha anterior, un condimento m\u00e1s para los hinchas de dos equipos que ser\u00e1n candidatos a pelear bien arriba en el Torneo [&hellip;]<\/p>\n","protected":false},"author":4,"featured_media":32478,"comment_status":"open","ping_status":"closed","sticky":false,"template":"","format":"standard","meta":{"om_disable_all_campaigns":false,"_jetpack_memberships_contains_paid_content":false,"footnotes":""},"categories":[5],"tags":[],"class_list":["post-32473","post","type-post","status-publish","format-standard","has-post-thumbnail","hentry","category-deportes"],"aioseo_notices":[],"gutentor_comment":0,"jetpack_featured_media_url":"https:\/\/eldiariodesanpedro.com.ar\/sitio\/wp-content\/uploads\/2018\/05\/Mitre-nueva-victoria-y-punta-en-la-zona-B.jpg","jetpack_shortlink":"https:\/\/wp.me\/p6RhLt-8rL","jetpack_sharing_enabled":true,"_links":{"self":[{"href":"https:\/\/eldiariodesanpedro.com.ar\/sitio\/wp-json\/wp\/v2\/posts\/32473","targetHints":{"allow":["GET"]}}],"collection":[{"href":"https:\/\/eldiariodesanpedro.com.ar\/sitio\/wp-json\/wp\/v2\/posts"}],"about":[{"href":"https:\/\/eldiariodesanpedro.com.ar\/sitio\/wp-json\/wp\/v2\/types\/post"}],"author":[{"embeddable":true,"href":"https:\/\/eldiariodesanpedro.com.ar\/sitio\/wp-json\/wp\/v2\/users\/4"}],"replies":[{"embeddable":true,"href":"https:\/\/eldiariodesanpedro.com.ar\/sitio\/wp-json\/wp\/v2\/comments?post=32473"}],"version-history":[{"count":1,"href":"https:\/\/eldiariodesanpedro.com.ar\/sitio\/wp-json\/wp\/v2\/posts\/32473\/revisions"}],"predecessor-version":[{"id":32476,"href":"https:\/\/eldiariodesanpedro.com.ar\/sitio\/wp-json\/wp\/v2\/posts\/32473\/revisions\/32476"}],"wp:featuredmedia":[{"embeddable":true,"href":"https:\/\/eldiariodesanpedro.com.ar\/sitio\/wp-json\/wp\/v2\/media\/32478"}],"wp:attachment":[{"href":"https:\/\/eldiariodesanpedro.com.ar\/sitio\/wp-json\/wp\/v2\/media?parent=32473"}],"wp:term":[{"taxonomy":"category","embeddable":true,"href":"https:\/\/eldiariodesanpedro.com.ar\/sitio\/wp-json\/wp\/v2\/categories?post=32473"},{"taxonomy":"post_tag","embeddable":true,"href":"https:\/\/eldiariodesanpedro.com.ar\/sitio\/wp-json\/wp\/v2\/tags?post=32473"}],"curies":[{"name":"wp","href":"https:\/\/api.w.org\/{rel}","templated":true}]}}