{"id":32469,"date":"2018-05-01T20:29:02","date_gmt":"2018-05-01T23:29:02","guid":{"rendered":"https:\/\/eldiariodesanpedro.com.ar\/sitio\/?p=32469"},"modified":"2018-05-01T20:29:02","modified_gmt":"2018-05-01T23:29:02","slug":"anses-participo-del-primer-plenario-nacional-del-organo-consultivo","status":"publish","type":"post","link":"https:\/\/eldiariodesanpedro.com.ar\/sitio\/anses-participo-del-primer-plenario-nacional-del-organo-consultivo\/","title":{"rendered":"ANSES particip\u00f3 del Primer Plenario Nacional del \u00d3rgano Consultivo"},"content":{"rendered":"<p><!-- VideographyWP Plugin Message: Automatic video embedding prevented by plugin options. --><br \/>\n  El 24, 25 y 26 de abril se realiz\u00f3 el Primer Plenario Nacional del \u00d3rgano Consultivo en el que participaron distintas autoridades del organismo con jubilados y pensionados de todo el pa\u00eds.<\/p>\n<p>  Durante tres d\u00edas se expusieron los avances de los programas de Reparaci\u00f3n Hist\u00f3rica y ARGENTA e inclusi\u00f3n financiera, se detallaron los cursos disponibles para los jubilados y pensionados del Programa de Adultos Mayores (PAM) y hubo talleres de trabajo divididos por regiones.<\/p>\n<p>  La actividad de los miembros del \u00d3rgano Consultivo, que son elegidos anualmente por sus entidades, es ad honorem y ejercen su funci\u00f3n de manera independiente. Ellos eligen al \u00d3rgano Ejecutivo, integrado por 15 miembros de las 15 regiones argentinas.<\/p>\n<p><strong>Grupos de pago para ma\u00f1ana<\/strong><br \/>\n-Titulares de las Pensiones No Contributivas cuyos documentos terminan en 0 y 1.<br \/>\n-Titulares de la Prestaci\u00f3n por Desempleo \u2013Plan 1\u2013 cuyos documentos terminan en 6 y 7.<\/p>\n","protected":false},"excerpt":{"rendered":"<p>El 24, 25 y 26 de abril se realiz\u00f3 el Primer Plenario Nacional del \u00d3rgano Consultivo en el que participaron distintas autoridades del organismo con jubilados y pensionados de todo el pa\u00eds. Durante tres d\u00edas se expusieron los avances de los programas de Reparaci\u00f3n Hist\u00f3rica y ARGENTA e inclusi\u00f3n financiera, se detallaron los cursos disponibles [&hellip;]<\/p>\n","protected":false},"author":4,"featured_media":2499,"comment_status":"open","ping_status":"closed","sticky":false,"template":"","format":"standard","meta":{"om_disable_all_campaigns":false,"_jetpack_memberships_contains_paid_content":false,"footnotes":""},"categories":[101,2],"tags":[],"class_list":["post-32469","post","type-post","status-publish","format-standard","has-post-thumbnail","hentry","category-interes-general-locales","category-locales"],"aioseo_notices":[],"gutentor_comment":0,"jetpack_featured_media_url":"https:\/\/eldiariodesanpedro.com.ar\/sitio\/wp-content\/uploads\/2016\/03\/53614_p7-anses.jpg","jetpack_shortlink":"https:\/\/wp.me\/p6RhLt-8rH","jetpack_sharing_enabled":true,"_links":{"self":[{"href":"https:\/\/eldiariodesanpedro.com.ar\/sitio\/wp-json\/wp\/v2\/posts\/32469","targetHints":{"allow":["GET"]}}],"collection":[{"href":"https:\/\/eldiariodesanpedro.com.ar\/sitio\/wp-json\/wp\/v2\/posts"}],"about":[{"href":"https:\/\/eldiariodesanpedro.com.ar\/sitio\/wp-json\/wp\/v2\/types\/post"}],"author":[{"embeddable":true,"href":"https:\/\/eldiariodesanpedro.com.ar\/sitio\/wp-json\/wp\/v2\/users\/4"}],"replies":[{"embeddable":true,"href":"https:\/\/eldiariodesanpedro.com.ar\/sitio\/wp-json\/wp\/v2\/comments?post=32469"}],"version-history":[{"count":2,"href":"https:\/\/eldiariodesanpedro.com.ar\/sitio\/wp-json\/wp\/v2\/posts\/32469\/revisions"}],"predecessor-version":[{"id":32472,"href":"https:\/\/eldiariodesanpedro.com.ar\/sitio\/wp-json\/wp\/v2\/posts\/32469\/revisions\/32472"}],"wp:featuredmedia":[{"embeddable":true,"href":"https:\/\/eldiariodesanpedro.com.ar\/sitio\/wp-json\/wp\/v2\/media\/2499"}],"wp:attachment":[{"href":"https:\/\/eldiariodesanpedro.com.ar\/sitio\/wp-json\/wp\/v2\/media?parent=32469"}],"wp:term":[{"taxonomy":"category","embeddable":true,"href":"https:\/\/eldiariodesanpedro.com.ar\/sitio\/wp-json\/wp\/v2\/categories?post=32469"},{"taxonomy":"post_tag","embeddable":true,"href":"https:\/\/eldiariodesanpedro.com.ar\/sitio\/wp-json\/wp\/v2\/tags?post=32469"}],"curies":[{"name":"wp","href":"https:\/\/api.w.org\/{rel}","templated":true}]}}