{"id":32467,"date":"2018-05-01T20:27:52","date_gmt":"2018-05-01T23:27:52","guid":{"rendered":"https:\/\/eldiariodesanpedro.com.ar\/sitio\/?p=32467"},"modified":"2018-05-01T20:27:52","modified_gmt":"2018-05-01T23:27:52","slug":"jornada-de-enfermedad-celiaca-2018","status":"publish","type":"post","link":"https:\/\/eldiariodesanpedro.com.ar\/sitio\/jornada-de-enfermedad-celiaca-2018\/","title":{"rendered":"Jornada de Enfermedad Cel\u00edaca 2018"},"content":{"rendered":"<p><!-- VideographyWP Plugin Message: Automatic video embedding prevented by plugin options. --><br \/>\n  El 11 de mayo de 13 a 19 hs., se realizar\u00e1 la d\u00e9cima Jornada de Enfermedad Cel\u00edaca en el Centro de Comercio e Industria. <\/p>\n<p>  La misma tiene como objetivo, informar y capacitar sobre los cuidados que se deben tener a la hora de la preparaci\u00f3n de los alimentos sin gluten. <\/p>\n<p>  En la misma se desarrollar\u00e1n talleres de cocina, un show de stand up, charlas sobre el tema dictadas por profesionales de la Direcci\u00f3n de Prevenci\u00f3n INAL-ANMAT, merienda libre de gluten y mucho m\u00e1s.<\/p>\n<p>  La entrada es Libre y Gratuita. <\/p>\n","protected":false},"excerpt":{"rendered":"<p>El 11 de mayo de 13 a 19 hs., se realizar\u00e1 la d\u00e9cima Jornada de Enfermedad Cel\u00edaca en el Centro de Comercio e Industria. La misma tiene como objetivo, informar y capacitar sobre los cuidados que se deben tener a la hora de la preparaci\u00f3n de los alimentos sin gluten. En la misma se desarrollar\u00e1n [&hellip;]<\/p>\n","protected":false},"author":4,"featured_media":2495,"comment_status":"open","ping_status":"closed","sticky":false,"template":"","format":"standard","meta":{"om_disable_all_campaigns":false,"_jetpack_memberships_contains_paid_content":false,"footnotes":""},"categories":[101,2],"tags":[],"class_list":["post-32467","post","type-post","status-publish","format-standard","has-post-thumbnail","hentry","category-interes-general-locales","category-locales"],"aioseo_notices":[],"gutentor_comment":0,"jetpack_featured_media_url":"https:\/\/eldiariodesanpedro.com.ar\/sitio\/wp-content\/uploads\/2016\/03\/Centro-de-Comercio-e-industria.jpg","jetpack_shortlink":"https:\/\/wp.me\/p6RhLt-8rF","jetpack_sharing_enabled":true,"_links":{"self":[{"href":"https:\/\/eldiariodesanpedro.com.ar\/sitio\/wp-json\/wp\/v2\/posts\/32467","targetHints":{"allow":["GET"]}}],"collection":[{"href":"https:\/\/eldiariodesanpedro.com.ar\/sitio\/wp-json\/wp\/v2\/posts"}],"about":[{"href":"https:\/\/eldiariodesanpedro.com.ar\/sitio\/wp-json\/wp\/v2\/types\/post"}],"author":[{"embeddable":true,"href":"https:\/\/eldiariodesanpedro.com.ar\/sitio\/wp-json\/wp\/v2\/users\/4"}],"replies":[{"embeddable":true,"href":"https:\/\/eldiariodesanpedro.com.ar\/sitio\/wp-json\/wp\/v2\/comments?post=32467"}],"version-history":[{"count":1,"href":"https:\/\/eldiariodesanpedro.com.ar\/sitio\/wp-json\/wp\/v2\/posts\/32467\/revisions"}],"predecessor-version":[{"id":32470,"href":"https:\/\/eldiariodesanpedro.com.ar\/sitio\/wp-json\/wp\/v2\/posts\/32467\/revisions\/32470"}],"wp:featuredmedia":[{"embeddable":true,"href":"https:\/\/eldiariodesanpedro.com.ar\/sitio\/wp-json\/wp\/v2\/media\/2495"}],"wp:attachment":[{"href":"https:\/\/eldiariodesanpedro.com.ar\/sitio\/wp-json\/wp\/v2\/media?parent=32467"}],"wp:term":[{"taxonomy":"category","embeddable":true,"href":"https:\/\/eldiariodesanpedro.com.ar\/sitio\/wp-json\/wp\/v2\/categories?post=32467"},{"taxonomy":"post_tag","embeddable":true,"href":"https:\/\/eldiariodesanpedro.com.ar\/sitio\/wp-json\/wp\/v2\/tags?post=32467"}],"curies":[{"name":"wp","href":"https:\/\/api.w.org\/{rel}","templated":true}]}}