{"id":32462,"date":"2018-05-01T20:26:20","date_gmt":"2018-05-01T23:26:20","guid":{"rendered":"https:\/\/eldiariodesanpedro.com.ar\/sitio\/?p=32462"},"modified":"2018-05-01T20:26:20","modified_gmt":"2018-05-01T23:26:20","slug":"realizara-mamografias-gratuitas-movil-lalcec-avon","status":"publish","type":"post","link":"https:\/\/eldiariodesanpedro.com.ar\/sitio\/realizara-mamografias-gratuitas-movil-lalcec-avon\/","title":{"rendered":"REALIZAR\u00c1 MAMOGRAF\u00cdAS GRATUITAS: M\u00f3vil LALCEC &#8211; Avon"},"content":{"rendered":"<p><!-- VideographyWP Plugin Message: Automatic video embedding prevented by plugin options. --><br \/>\n  Los d\u00edas 21 al 24 de mayo LALCEC y Avon estar\u00e1n recorriendo las localidades de Gobernador Castro y Pueblo Doyle para realizar Mamograf\u00edas Gratuitas. <\/p>\n<p>  Se solicita a las interesadas en realizarse el estudio que reserven su turno llamando a los tel\u00e9fonos: 428-120 \/ 424-075.<\/p>\n","protected":false},"excerpt":{"rendered":"<p>Los d\u00edas 21 al 24 de mayo LALCEC y Avon estar\u00e1n recorriendo las localidades de Gobernador Castro y Pueblo Doyle para realizar Mamograf\u00edas Gratuitas. Se solicita a las interesadas en realizarse el estudio que reserven su turno llamando a los tel\u00e9fonos: 428-120 \/ 424-075.<\/p>\n","protected":false},"author":4,"featured_media":32463,"comment_status":"open","ping_status":"closed","sticky":false,"template":"","format":"standard","meta":{"om_disable_all_campaigns":false,"_jetpack_memberships_contains_paid_content":false,"footnotes":""},"categories":[101,2],"tags":[],"class_list":["post-32462","post","type-post","status-publish","format-standard","has-post-thumbnail","hentry","category-interes-general-locales","category-locales"],"aioseo_notices":[],"gutentor_comment":0,"jetpack_featured_media_url":"https:\/\/eldiariodesanpedro.com.ar\/sitio\/wp-content\/uploads\/2018\/05\/M\u00f3vil-Lalcec-Avon.jpg","jetpack_shortlink":"https:\/\/wp.me\/p6RhLt-8rA","jetpack_sharing_enabled":true,"_links":{"self":[{"href":"https:\/\/eldiariodesanpedro.com.ar\/sitio\/wp-json\/wp\/v2\/posts\/32462","targetHints":{"allow":["GET"]}}],"collection":[{"href":"https:\/\/eldiariodesanpedro.com.ar\/sitio\/wp-json\/wp\/v2\/posts"}],"about":[{"href":"https:\/\/eldiariodesanpedro.com.ar\/sitio\/wp-json\/wp\/v2\/types\/post"}],"author":[{"embeddable":true,"href":"https:\/\/eldiariodesanpedro.com.ar\/sitio\/wp-json\/wp\/v2\/users\/4"}],"replies":[{"embeddable":true,"href":"https:\/\/eldiariodesanpedro.com.ar\/sitio\/wp-json\/wp\/v2\/comments?post=32462"}],"version-history":[{"count":1,"href":"https:\/\/eldiariodesanpedro.com.ar\/sitio\/wp-json\/wp\/v2\/posts\/32462\/revisions"}],"predecessor-version":[{"id":32466,"href":"https:\/\/eldiariodesanpedro.com.ar\/sitio\/wp-json\/wp\/v2\/posts\/32462\/revisions\/32466"}],"wp:featuredmedia":[{"embeddable":true,"href":"https:\/\/eldiariodesanpedro.com.ar\/sitio\/wp-json\/wp\/v2\/media\/32463"}],"wp:attachment":[{"href":"https:\/\/eldiariodesanpedro.com.ar\/sitio\/wp-json\/wp\/v2\/media?parent=32462"}],"wp:term":[{"taxonomy":"category","embeddable":true,"href":"https:\/\/eldiariodesanpedro.com.ar\/sitio\/wp-json\/wp\/v2\/categories?post=32462"},{"taxonomy":"post_tag","embeddable":true,"href":"https:\/\/eldiariodesanpedro.com.ar\/sitio\/wp-json\/wp\/v2\/tags?post=32462"}],"curies":[{"name":"wp","href":"https:\/\/api.w.org\/{rel}","templated":true}]}}