{"id":32456,"date":"2018-05-01T20:12:44","date_gmt":"2018-05-01T23:12:44","guid":{"rendered":"https:\/\/eldiariodesanpedro.com.ar\/sitio\/?p=32456"},"modified":"2018-05-01T20:12:44","modified_gmt":"2018-05-01T23:12:44","slug":"san-nicolas-las-mellizas-un-barrio-signado-por-la-violencia","status":"publish","type":"post","link":"https:\/\/eldiariodesanpedro.com.ar\/sitio\/san-nicolas-las-mellizas-un-barrio-signado-por-la-violencia\/","title":{"rendered":"SAN NICOL\u00c1S: Las Mellizas, un barrio signado por la violencia"},"content":{"rendered":"<p><!-- VideographyWP Plugin Message: Automatic video embedding prevented by plugin options. --><br \/>\nEn la \u00faltima semana barrio Las Mellizas volvi\u00f3 a estar en el foco de la tormenta con numerosos hechos de abuso de armas provocados entre dos familias antag\u00f3nicas que llevan a\u00f1os peleando y exponiendo a los vecinos a quedar en medio de la l\u00ednea de fuego. Un barrio signado por la violencia, el abandono y la droga, que afecta cada vez m\u00e1s a chicos desde edades tempranas.<\/p>\n<p>  La semana pasada dos familias antag\u00f3nicas dejaron a los vecinos en medio de la l\u00ednea de fuego. Tres personas heridas y disparos por doquier son el corolario de estos encontronazos que se hac\u00edan cada vez m\u00e1s habituales.<br \/>\n  Esta rivalidad vecinal lleva a\u00f1os de acusaciones cruzadas y amenazas en una cuasi \u201cguerra fr\u00eda\u201d hasta que la sangre lleg\u00f3 al r\u00edo y comenzaron los heridos, algunos de gravedad. \u201cEn el barrio tenemos bien marcadas a dos familias que son las que est\u00e1n en rivalidad y tenemos dos familias m\u00e1s que apoyan a cada parte. Se han hecho dos bandas que no respetan horas, no respetan si hay menores en la calle. Ellos pasan en moto, se amenazan, se disparan\u201d, cont\u00f3 a EL NORTE la titular de la Comisar\u00eda Tercera, Comisario Natalia Rojas.<br \/>\n  \u201cA ra\u00edz de esto tuvimos tres heridos, uno de gravedad y los otros que entraron y salieron, pero uno estuvo en cirug\u00eda. Por todo esto hubo un aprehendido, quien a\u00fan se halla detenido, por tentativa de homicidio. Se hicieron allanamientos a todas las familias y en otros lugares donde el gabinete de calle criminol\u00f3gico estuvo investigando\u201d cont\u00f3 Rojas.<\/p>\n<p><strong>Armas escondidas<\/strong><br \/>\n  El problema que ten\u00edan los agentes de la seccional Tercera era que cada vez que suced\u00eda un hecho de abuso de armas e iban a allanar en las viviendas de los involucrados y, ya las armas no estaban all\u00ed. \u201cEra algo que nos ten\u00eda preocupados ya que no pod\u00edamos saber d\u00f3nde estaban las armas. Ellos era como que nos esperaban, porque cuando lleg\u00e1bamos nos dec\u00edan \u201cvos ven\u00eds por las armas, por los disparos\u201d, sobr\u00e1ndonos y los efectivos se pon\u00edan muy mal porque ya sab\u00edan que \u00edbamos y no encontr\u00e1bamos nada. El gabinete criminol\u00f3gico de la Comisar\u00eda investig\u00f3 profundamente y pudimos determinar d\u00f3nde estaban las armas, en qu\u00e9 lugar las escond\u00edan despu\u00e9s de usarlas. Se hizo un allanamiento en conjunto con numerosas fuerzas, narc\u00f3ticos, el GAD, vinieron agentes hasta de Baradero a darnos apoyo. Logramos el secuestro de armas, radios policiales, celulares, droga y varias detenciones por lo que quedamos muy contentos\u201d, explic\u00f3. <\/p>\n<p><strong>Viejas rencillas<\/strong><br \/>\n  Sobre el origen de esta rivalidad familiar cont\u00f3: \u201cantiguamente uno culp\u00f3 al otro por un hecho de una moto que se hab\u00edan disputado en un robo de muchos a\u00f1os atr\u00e1s y ah\u00ed quedaron resentidos. Empez\u00f3 la problem\u00e1tica que cada vez se agrav\u00f3 m\u00e1s y m\u00e1s hasta llegar a esta situaci\u00f3n que hay que darle un freno. Empiezan con amenazas, se disparan los frentes de las viviendas y hasta que no hay heridos y se los detiene, no paran. El a\u00f1o pasado tambi\u00e9n nos tuvieron en jaque mucho tiempo. Hicimos allanamientos y se calmaron, pero ahora volvieron a empezar, siempre son los mismos. El problema con ellos es esa rivalidad familiar porque realmente ac\u00e1 en la zona no los tenemos registrados como que est\u00e9n robando o vendiendo drogas. Todos son problemas de ellos por amenazas calificadas o abuso de armas\u201d.<\/p>\n<p><strong>Problema social<\/strong><br \/>\n  Disparos, chicos deambulando con estupefacientes, pobreza que lastima, violencia a flor de piel, relaciones tormentosas, forman un c\u00f3ctel doloroso en este sector lastimado de la ciudad \u201cLa gente vive atemorizada. M\u00e1s all\u00e1 de que ellos no quieren participar en la causa, nos brindan datos, nos llaman, se acercan, nos cuentan informaci\u00f3n y con eso vamos llegando donde est\u00e1 el problema. No hay tantos hechos de robo como la cantidad de conflictos familiares que tenemos. La gente est\u00e1 muy vulnerable, susceptible, agresiva. Anoche tuvimos que aprehender a dos sujetos por violencia de g\u00e9nero que en nuestra zona es un flagelo. Estamos trabajando mucho con la Comisar\u00eda de la Mujer. Ac\u00e1 tenemos a los aprehendidos y las v\u00edctimas son asistidas en la comisar\u00eda de la mujer que est\u00e1 capacitada para hacerlo. Nosotros todos los d\u00edas tenemos aprehensiones de gente que consume en la v\u00eda p\u00fablica. Se los trae, se les secuestra la droga, se les arma la causa y luego se los pone en libertad. Lamentablemente cada vez son m\u00e1s j\u00f3venes, desde 14 y 15 a\u00f1os hasta los 20\u201d, expres\u00f3 sobre este flagelo.<br \/>\n  Rojas quiso tambi\u00e9n destacar la importancia del trabajo conjunto entre las fuerzas \u201cA diario hacemos operativos de saturaci\u00f3n en distintos puntos de la ciudad. Trabajamos mucho con el Comando y la Polic\u00eda Local que nos da un gran apoyo. Se trabaja muy bien en conjunto, la Polic\u00eda Local y el Comando nos prestan mucho apoyo. En Comisar\u00eda somos un grupo reducido y por eso siempre nos asisten las otras fuerzas. Los chicos de calle trabajan mucho con la Brigada ya que investigan los hechos para determinar lo que sucedi\u00f3\u201d.<\/p>\n<p>Fuente: Diario El Norte<\/p>\n","protected":false},"excerpt":{"rendered":"<p>En la \u00faltima semana barrio Las Mellizas volvi\u00f3 a estar en el foco de la tormenta con numerosos hechos de abuso de armas provocados entre dos familias antag\u00f3nicas que llevan a\u00f1os peleando y exponiendo a los vecinos a quedar en medio de la l\u00ednea de fuego. Un barrio signado por la violencia, el abandono y [&hellip;]<\/p>\n","protected":false},"author":4,"featured_media":32457,"comment_status":"open","ping_status":"closed","sticky":false,"template":"","format":"standard","meta":{"om_disable_all_campaigns":false,"_jetpack_memberships_contains_paid_content":false,"footnotes":""},"categories":[621],"tags":[],"class_list":["post-32456","post","type-post","status-publish","format-standard","has-post-thumbnail","hentry","category-regionales"],"aioseo_notices":[],"gutentor_comment":0,"jetpack_featured_media_url":"https:\/\/eldiariodesanpedro.com.ar\/sitio\/wp-content\/uploads\/2018\/05\/Peleas-vecinales-armas-fuego-cruzado-allanamientos.jpg","jetpack_shortlink":"https:\/\/wp.me\/p6RhLt-8ru","jetpack_sharing_enabled":true,"_links":{"self":[{"href":"https:\/\/eldiariodesanpedro.com.ar\/sitio\/wp-json\/wp\/v2\/posts\/32456","targetHints":{"allow":["GET"]}}],"collection":[{"href":"https:\/\/eldiariodesanpedro.com.ar\/sitio\/wp-json\/wp\/v2\/posts"}],"about":[{"href":"https:\/\/eldiariodesanpedro.com.ar\/sitio\/wp-json\/wp\/v2\/types\/post"}],"author":[{"embeddable":true,"href":"https:\/\/eldiariodesanpedro.com.ar\/sitio\/wp-json\/wp\/v2\/users\/4"}],"replies":[{"embeddable":true,"href":"https:\/\/eldiariodesanpedro.com.ar\/sitio\/wp-json\/wp\/v2\/comments?post=32456"}],"version-history":[{"count":1,"href":"https:\/\/eldiariodesanpedro.com.ar\/sitio\/wp-json\/wp\/v2\/posts\/32456\/revisions"}],"predecessor-version":[{"id":32459,"href":"https:\/\/eldiariodesanpedro.com.ar\/sitio\/wp-json\/wp\/v2\/posts\/32456\/revisions\/32459"}],"wp:featuredmedia":[{"embeddable":true,"href":"https:\/\/eldiariodesanpedro.com.ar\/sitio\/wp-json\/wp\/v2\/media\/32457"}],"wp:attachment":[{"href":"https:\/\/eldiariodesanpedro.com.ar\/sitio\/wp-json\/wp\/v2\/media?parent=32456"}],"wp:term":[{"taxonomy":"category","embeddable":true,"href":"https:\/\/eldiariodesanpedro.com.ar\/sitio\/wp-json\/wp\/v2\/categories?post=32456"},{"taxonomy":"post_tag","embeddable":true,"href":"https:\/\/eldiariodesanpedro.com.ar\/sitio\/wp-json\/wp\/v2\/tags?post=32456"}],"curies":[{"name":"wp","href":"https:\/\/api.w.org\/{rel}","templated":true}]}}