{"id":32453,"date":"2018-05-01T20:04:39","date_gmt":"2018-05-01T23:04:39","guid":{"rendered":"https:\/\/eldiariodesanpedro.com.ar\/sitio\/?p=32453"},"modified":"2018-05-01T20:04:39","modified_gmt":"2018-05-01T23:04:39","slug":"accidente-entre-una-motocicleta-y-un-automovil-5","status":"publish","type":"post","link":"https:\/\/eldiariodesanpedro.com.ar\/sitio\/accidente-entre-una-motocicleta-y-un-automovil-5\/","title":{"rendered":"Accidente entre una motocicleta y un autom\u00f3vil"},"content":{"rendered":"<p><!-- VideographyWP Plugin Message: Automatic video embedding prevented by plugin options. --><br \/>\n  Este s\u00e1bado se produjo un accidente de tr\u00e1nsito en calle Miguel Porta y Ayacucho, entre motocicleta tipo 110 cc gris que era guiada por un menor de 17 a\u00f1os y, un autom\u00f3vil Volkswagen que era conducido por un hombre de 44 a\u00f1os.<\/p>\n<p>  Como resultado del accidente, el conductor de la motocicleta fue trasladado por la ambulancia hasta el Hospital local, estableci\u00e9ndose posteriormente que pose\u00eda lesiones leves. El conductor del auto result\u00f3 ileso. <\/p>\n","protected":false},"excerpt":{"rendered":"<p>Este s\u00e1bado se produjo un accidente de tr\u00e1nsito en calle Miguel Porta y Ayacucho, entre motocicleta tipo 110 cc gris que era guiada por un menor de 17 a\u00f1os y, un autom\u00f3vil Volkswagen que era conducido por un hombre de 44 a\u00f1os. Como resultado del accidente, el conductor de la motocicleta fue trasladado por la [&hellip;]<\/p>\n","protected":false},"author":4,"featured_media":7633,"comment_status":"open","ping_status":"closed","sticky":false,"template":"","format":"standard","meta":{"om_disable_all_campaigns":false,"_jetpack_memberships_contains_paid_content":false,"footnotes":""},"categories":[2,103],"tags":[],"class_list":["post-32453","post","type-post","status-publish","format-standard","has-post-thumbnail","hentry","category-locales","category-policiales-locales"],"aioseo_notices":[],"gutentor_comment":0,"jetpack_featured_media_url":"https:\/\/eldiariodesanpedro.com.ar\/sitio\/wp-content\/uploads\/2016\/08\/hospital-policia.jpg","jetpack_shortlink":"https:\/\/wp.me\/p6RhLt-8rr","jetpack_sharing_enabled":true,"_links":{"self":[{"href":"https:\/\/eldiariodesanpedro.com.ar\/sitio\/wp-json\/wp\/v2\/posts\/32453","targetHints":{"allow":["GET"]}}],"collection":[{"href":"https:\/\/eldiariodesanpedro.com.ar\/sitio\/wp-json\/wp\/v2\/posts"}],"about":[{"href":"https:\/\/eldiariodesanpedro.com.ar\/sitio\/wp-json\/wp\/v2\/types\/post"}],"author":[{"embeddable":true,"href":"https:\/\/eldiariodesanpedro.com.ar\/sitio\/wp-json\/wp\/v2\/users\/4"}],"replies":[{"embeddable":true,"href":"https:\/\/eldiariodesanpedro.com.ar\/sitio\/wp-json\/wp\/v2\/comments?post=32453"}],"version-history":[{"count":1,"href":"https:\/\/eldiariodesanpedro.com.ar\/sitio\/wp-json\/wp\/v2\/posts\/32453\/revisions"}],"predecessor-version":[{"id":32455,"href":"https:\/\/eldiariodesanpedro.com.ar\/sitio\/wp-json\/wp\/v2\/posts\/32453\/revisions\/32455"}],"wp:featuredmedia":[{"embeddable":true,"href":"https:\/\/eldiariodesanpedro.com.ar\/sitio\/wp-json\/wp\/v2\/media\/7633"}],"wp:attachment":[{"href":"https:\/\/eldiariodesanpedro.com.ar\/sitio\/wp-json\/wp\/v2\/media?parent=32453"}],"wp:term":[{"taxonomy":"category","embeddable":true,"href":"https:\/\/eldiariodesanpedro.com.ar\/sitio\/wp-json\/wp\/v2\/categories?post=32453"},{"taxonomy":"post_tag","embeddable":true,"href":"https:\/\/eldiariodesanpedro.com.ar\/sitio\/wp-json\/wp\/v2\/tags?post=32453"}],"curies":[{"name":"wp","href":"https:\/\/api.w.org\/{rel}","templated":true}]}}