{"id":32451,"date":"2018-05-01T20:02:33","date_gmt":"2018-05-01T23:02:33","guid":{"rendered":"https:\/\/eldiariodesanpedro.com.ar\/sitio\/?p=32451"},"modified":"2018-05-01T20:02:33","modified_gmt":"2018-05-01T23:02:33","slug":"un-hombre-mayor-intento-abusar-de-una-joven","status":"publish","type":"post","link":"https:\/\/eldiariodesanpedro.com.ar\/sitio\/un-hombre-mayor-intento-abusar-de-una-joven\/","title":{"rendered":"Un hombre mayor intent\u00f3 abusar de una joven"},"content":{"rendered":"<p><!-- VideographyWP Plugin Message: Automatic video embedding prevented by plugin options. --><br \/>\n  Este s\u00e1bado, Polic\u00eda de nuestra ciudad procedi\u00f3 a la aprehensi\u00f3n de un hombre de 62 a\u00f1os en calle San Mart\u00edn y G\u00fcemes, cuando sujetaba a una joven de 20 a\u00f1os con intenciones de abuso.<\/p>\n<p>  La U.F.I. N\u00b0 5 aval\u00f3 el proceder policial disponiendo la notificaci\u00f3n de las actuaciones y, el posterior traslado del sujeto a sede judicial.<\/p>\n<p>  Tanto la joven como el agresor son oriundos de esta localidad.<\/p>\n<p>  Adem\u00e1s, tambi\u00e9n el s\u00e1bado se conoci\u00f3 el grave caso de abuso a menores, ocurrido en la localidad de R\u00edo Tala, perpetrado por un mayor de edad amigo de la familia de los dos ni\u00f1os abusados. <\/p>\n","protected":false},"excerpt":{"rendered":"<p>Este s\u00e1bado, Polic\u00eda de nuestra ciudad procedi\u00f3 a la aprehensi\u00f3n de un hombre de 62 a\u00f1os en calle San Mart\u00edn y G\u00fcemes, cuando sujetaba a una joven de 20 a\u00f1os con intenciones de abuso. La U.F.I. N\u00b0 5 aval\u00f3 el proceder policial disponiendo la notificaci\u00f3n de las actuaciones y, el posterior traslado del sujeto a [&hellip;]<\/p>\n","protected":false},"author":4,"featured_media":4713,"comment_status":"open","ping_status":"closed","sticky":false,"template":"","format":"standard","meta":{"om_disable_all_campaigns":false,"_jetpack_memberships_contains_paid_content":false,"footnotes":""},"categories":[2,103],"tags":[],"class_list":["post-32451","post","type-post","status-publish","format-standard","has-post-thumbnail","hentry","category-locales","category-policiales-locales"],"aioseo_notices":[],"gutentor_comment":0,"jetpack_featured_media_url":"https:\/\/eldiariodesanpedro.com.ar\/sitio\/wp-content\/uploads\/2016\/05\/detenido.jpg","jetpack_shortlink":"https:\/\/wp.me\/p6RhLt-8rp","jetpack_sharing_enabled":true,"_links":{"self":[{"href":"https:\/\/eldiariodesanpedro.com.ar\/sitio\/wp-json\/wp\/v2\/posts\/32451","targetHints":{"allow":["GET"]}}],"collection":[{"href":"https:\/\/eldiariodesanpedro.com.ar\/sitio\/wp-json\/wp\/v2\/posts"}],"about":[{"href":"https:\/\/eldiariodesanpedro.com.ar\/sitio\/wp-json\/wp\/v2\/types\/post"}],"author":[{"embeddable":true,"href":"https:\/\/eldiariodesanpedro.com.ar\/sitio\/wp-json\/wp\/v2\/users\/4"}],"replies":[{"embeddable":true,"href":"https:\/\/eldiariodesanpedro.com.ar\/sitio\/wp-json\/wp\/v2\/comments?post=32451"}],"version-history":[{"count":1,"href":"https:\/\/eldiariodesanpedro.com.ar\/sitio\/wp-json\/wp\/v2\/posts\/32451\/revisions"}],"predecessor-version":[{"id":32454,"href":"https:\/\/eldiariodesanpedro.com.ar\/sitio\/wp-json\/wp\/v2\/posts\/32451\/revisions\/32454"}],"wp:featuredmedia":[{"embeddable":true,"href":"https:\/\/eldiariodesanpedro.com.ar\/sitio\/wp-json\/wp\/v2\/media\/4713"}],"wp:attachment":[{"href":"https:\/\/eldiariodesanpedro.com.ar\/sitio\/wp-json\/wp\/v2\/media?parent=32451"}],"wp:term":[{"taxonomy":"category","embeddable":true,"href":"https:\/\/eldiariodesanpedro.com.ar\/sitio\/wp-json\/wp\/v2\/categories?post=32451"},{"taxonomy":"post_tag","embeddable":true,"href":"https:\/\/eldiariodesanpedro.com.ar\/sitio\/wp-json\/wp\/v2\/tags?post=32451"}],"curies":[{"name":"wp","href":"https:\/\/api.w.org\/{rel}","templated":true}]}}