{"id":32449,"date":"2018-05-01T20:01:21","date_gmt":"2018-05-01T23:01:21","guid":{"rendered":"https:\/\/eldiariodesanpedro.com.ar\/sitio\/?p=32449"},"modified":"2018-05-01T20:01:21","modified_gmt":"2018-05-01T23:01:21","slug":"barrios-y-calles-anegadas-por-el-temporal","status":"publish","type":"post","link":"https:\/\/eldiariodesanpedro.com.ar\/sitio\/barrios-y-calles-anegadas-por-el-temporal\/","title":{"rendered":"Barrios y calles anegadas por el temporal"},"content":{"rendered":"<p><!-- VideographyWP Plugin Message: Automatic video embedding prevented by plugin options. --><br \/>\nLa lluvia ca\u00edda en pocos minutos hizo que muchas calles quedaran bajo el agua y distintos barrios se vean seriamente afectados, incluyendo cortes de calles. <\/p>\n<p>  La Municipalidad de San Pedro inform\u00f3 que, ante el desarrollo de la tormenta con abundante ca\u00edda de agua y r\u00e1fagas de viento, se mantuvo el funcionamiento coordinado del Comit\u00e9 de Defensa Civil integrando a todas las \u00e1reas que brindan asistencia ante este tipo de contingencias. <\/p>\n<p>  Trabajaron de forma conjunta la Secretar\u00eda de Seguridad, la Secretar\u00eda de Desarrollo Humano, la Secretar\u00eda de Servicios P\u00fablicos y la Coopser. <\/p>\n<p>  Centralizando la tarea en el cuartel de Bomberos, se recibieron pedidos diversos desde diferentes barrios y miembros del Comit\u00e9 concurrieron para cumplir con las solicitudes.<\/p>\n<p>  Entre las intervenciones realizadas se destacan:<\/p>\n<p>Asistencia a 6 familias, 4 de Bajo Puerto, una de Liniers al fondo y otra de Brenan 150. Asimismo, fue evacuada en el hogar Sarmiento una mujer con 4 hijos.<\/p>\n<p>  Hoy se seguir\u00e1 ayudando a familias del Bajo Tala que quedaron aisladas por un arroyo, a las cuales se les acercan alimentos, agua, ropa y frazadas. <\/p>\n<p>  El \u00e1rea de Servicios P\u00fablicos estuvo realizando destape de zanja, donde se encontraron residuos que tapaban el drenaje del agua. Tambi\u00e9n se produjo la ca\u00edda de un \u00e1rbol en Lucio Mansilla que, ya fue quitado.<br \/>\n  Defensa Civil se mantuvo alerta durante las jornadas de tormentas, especialmente para resolver aquellas situaciones urgentes mientras con el mejoramiento de las condiciones clim\u00e1ticas se espera realizar un relevamiento m\u00e1s completo.<\/p>\n<p>  Como siempre, en estos casos se solicita evitar circular por zonas muy anegadas en caso de no ser necesario, no arrojar basura la v\u00eda p\u00fablica y evitar tomar contacto con instalaciones el\u00e9ctricas.<\/p>\n","protected":false},"excerpt":{"rendered":"<p>La lluvia ca\u00edda en pocos minutos hizo que muchas calles quedaran bajo el agua y distintos barrios se vean seriamente afectados, incluyendo cortes de calles. La Municipalidad de San Pedro inform\u00f3 que, ante el desarrollo de la tormenta con abundante ca\u00edda de agua y r\u00e1fagas de viento, se mantuvo el funcionamiento coordinado del Comit\u00e9 de [&hellip;]<\/p>\n","protected":false},"author":4,"featured_media":32450,"comment_status":"open","ping_status":"closed","sticky":false,"template":"","format":"standard","meta":{"om_disable_all_campaigns":false,"_jetpack_memberships_contains_paid_content":false,"footnotes":""},"categories":[101,2],"tags":[],"class_list":["post-32449","post","type-post","status-publish","format-standard","has-post-thumbnail","hentry","category-interes-general-locales","category-locales"],"aioseo_notices":[],"gutentor_comment":0,"jetpack_featured_media_url":"https:\/\/eldiariodesanpedro.com.ar\/sitio\/wp-content\/uploads\/2018\/05\/La-cantidad-de-agua-ca\u00edda-provoc\u00f3-inundaciones.jpg","jetpack_shortlink":"https:\/\/wp.me\/p6RhLt-8rn","jetpack_sharing_enabled":true,"_links":{"self":[{"href":"https:\/\/eldiariodesanpedro.com.ar\/sitio\/wp-json\/wp\/v2\/posts\/32449","targetHints":{"allow":["GET"]}}],"collection":[{"href":"https:\/\/eldiariodesanpedro.com.ar\/sitio\/wp-json\/wp\/v2\/posts"}],"about":[{"href":"https:\/\/eldiariodesanpedro.com.ar\/sitio\/wp-json\/wp\/v2\/types\/post"}],"author":[{"embeddable":true,"href":"https:\/\/eldiariodesanpedro.com.ar\/sitio\/wp-json\/wp\/v2\/users\/4"}],"replies":[{"embeddable":true,"href":"https:\/\/eldiariodesanpedro.com.ar\/sitio\/wp-json\/wp\/v2\/comments?post=32449"}],"version-history":[{"count":1,"href":"https:\/\/eldiariodesanpedro.com.ar\/sitio\/wp-json\/wp\/v2\/posts\/32449\/revisions"}],"predecessor-version":[{"id":32452,"href":"https:\/\/eldiariodesanpedro.com.ar\/sitio\/wp-json\/wp\/v2\/posts\/32449\/revisions\/32452"}],"wp:featuredmedia":[{"embeddable":true,"href":"https:\/\/eldiariodesanpedro.com.ar\/sitio\/wp-json\/wp\/v2\/media\/32450"}],"wp:attachment":[{"href":"https:\/\/eldiariodesanpedro.com.ar\/sitio\/wp-json\/wp\/v2\/media?parent=32449"}],"wp:term":[{"taxonomy":"category","embeddable":true,"href":"https:\/\/eldiariodesanpedro.com.ar\/sitio\/wp-json\/wp\/v2\/categories?post=32449"},{"taxonomy":"post_tag","embeddable":true,"href":"https:\/\/eldiariodesanpedro.com.ar\/sitio\/wp-json\/wp\/v2\/tags?post=32449"}],"curies":[{"name":"wp","href":"https:\/\/api.w.org\/{rel}","templated":true}]}}