{"id":32438,"date":"2018-04-27T21:34:08","date_gmt":"2018-04-28T00:34:08","guid":{"rendered":"https:\/\/eldiariodesanpedro.com.ar\/sitio\/?p=32438"},"modified":"2018-04-27T21:34:08","modified_gmt":"2018-04-28T00:34:08","slug":"reclamo-de-empleados-recicladores-y-cartoneros-de-la-tosquera-en-la-municipalidad-2","status":"publish","type":"post","link":"https:\/\/eldiariodesanpedro.com.ar\/sitio\/reclamo-de-empleados-recicladores-y-cartoneros-de-la-tosquera-en-la-municipalidad-2\/","title":{"rendered":"Reclamo de empleados recicladores y cartoneros de La Tosquera en la Municipalidad"},"content":{"rendered":"<p><!-- VideographyWP Plugin Message: Automatic video embedding prevented by plugin options. --><br \/>\nEmpleado recicladores y cartoneros de La Tosquera realizaron este viernes por la ma\u00f1ana una protesta frente a la Municipalidad.<\/p>\n<p>  Durante la ma\u00f1ana de este viernes los trabajadores cartoneros y recicladores de la Tosquera protestaron frente al Palacio municipal, para luego ingresar y continuar su reclamo al ritmo de los bombos.<br \/>\n  Estos trabajadores reclaman mejores condiciones de trabajo, ropa, elementos de seguridad y una infraestructura digna; ya que en el basural hoy no tienen ni agua ni ba\u00f1os.<br \/>\n  En el lugar de la protesta se encontraban militantes del Movimiento de trabajadores Excluidos y la Federaci\u00f3n de Recicladores, Carreros y Cartoneros de la Rep\u00fablica Argentina con representantes de San Pedro y San Nicol\u00e1s.<br \/>\n  Uno de los dirigentes del movimiento, Gerardo Adolf fue recibido por el Secretario Silvio Corti y, luego de una extensa reuni\u00f3n, pudieron llegar a un acuerdo.<br \/>\n  Se realizar\u00e1 una mesa de di\u00e1logo a partir de ahora con los representantes locales de los trabajadores y, adem\u00e1s, se comprometieron a mejorar las condiciones que solicitaron.<br \/>\n  En el lugar hubo un gran operativo de seguridad, muy similar al que se mont\u00f3 el pasado jueves durante la sesi\u00f3n del HCD, temiendo por la seguridad del establecimiento y de los empleados. Afortunadamente, no hubo que lamentar ning\u00fan desm\u00e1n.<\/p>\n","protected":false},"excerpt":{"rendered":"<p>Empleado recicladores y cartoneros de La Tosquera realizaron este viernes por la ma\u00f1ana una protesta frente a la Municipalidad. Durante la ma\u00f1ana de este viernes los trabajadores cartoneros y recicladores de la Tosquera protestaron frente al Palacio municipal, para luego ingresar y continuar su reclamo al ritmo de los bombos. Estos trabajadores reclaman mejores condiciones [&hellip;]<\/p>\n","protected":false},"author":4,"featured_media":32439,"comment_status":"open","ping_status":"closed","sticky":false,"template":"","format":"standard","meta":{"om_disable_all_campaigns":false,"_jetpack_memberships_contains_paid_content":false,"footnotes":""},"categories":[101,2],"tags":[],"class_list":["post-32438","post","type-post","status-publish","format-standard","has-post-thumbnail","hentry","category-interes-general-locales","category-locales"],"aioseo_notices":[],"gutentor_comment":0,"jetpack_featured_media_url":"https:\/\/eldiariodesanpedro.com.ar\/sitio\/wp-content\/uploads\/2018\/04\/Reclamo-de-empleados-recicladores-y-cartoneros-de-La-Tosquera-en-la-Municipalidad.jpg","jetpack_shortlink":"https:\/\/wp.me\/p6RhLt-8rc","jetpack_sharing_enabled":true,"_links":{"self":[{"href":"https:\/\/eldiariodesanpedro.com.ar\/sitio\/wp-json\/wp\/v2\/posts\/32438","targetHints":{"allow":["GET"]}}],"collection":[{"href":"https:\/\/eldiariodesanpedro.com.ar\/sitio\/wp-json\/wp\/v2\/posts"}],"about":[{"href":"https:\/\/eldiariodesanpedro.com.ar\/sitio\/wp-json\/wp\/v2\/types\/post"}],"author":[{"embeddable":true,"href":"https:\/\/eldiariodesanpedro.com.ar\/sitio\/wp-json\/wp\/v2\/users\/4"}],"replies":[{"embeddable":true,"href":"https:\/\/eldiariodesanpedro.com.ar\/sitio\/wp-json\/wp\/v2\/comments?post=32438"}],"version-history":[{"count":1,"href":"https:\/\/eldiariodesanpedro.com.ar\/sitio\/wp-json\/wp\/v2\/posts\/32438\/revisions"}],"predecessor-version":[{"id":32441,"href":"https:\/\/eldiariodesanpedro.com.ar\/sitio\/wp-json\/wp\/v2\/posts\/32438\/revisions\/32441"}],"wp:featuredmedia":[{"embeddable":true,"href":"https:\/\/eldiariodesanpedro.com.ar\/sitio\/wp-json\/wp\/v2\/media\/32439"}],"wp:attachment":[{"href":"https:\/\/eldiariodesanpedro.com.ar\/sitio\/wp-json\/wp\/v2\/media?parent=32438"}],"wp:term":[{"taxonomy":"category","embeddable":true,"href":"https:\/\/eldiariodesanpedro.com.ar\/sitio\/wp-json\/wp\/v2\/categories?post=32438"},{"taxonomy":"post_tag","embeddable":true,"href":"https:\/\/eldiariodesanpedro.com.ar\/sitio\/wp-json\/wp\/v2\/tags?post=32438"}],"curies":[{"name":"wp","href":"https:\/\/api.w.org\/{rel}","templated":true}]}}