{"id":32432,"date":"2018-04-27T20:58:59","date_gmt":"2018-04-27T23:58:59","guid":{"rendered":"https:\/\/eldiariodesanpedro.com.ar\/sitio\/?p=32432"},"modified":"2018-04-27T20:58:59","modified_gmt":"2018-04-27T23:58:59","slug":"gomez-me-puse-del-lado-que-tiene-vendada-la-manito-me-pidio-que-lo-abrazara-fuerte-y-sonrio","status":"publish","type":"post","link":"https:\/\/eldiariodesanpedro.com.ar\/sitio\/gomez-me-puse-del-lado-que-tiene-vendada-la-manito-me-pidio-que-lo-abrazara-fuerte-y-sonrio\/","title":{"rendered":"G\u00f3mez: \u00abMe puse del lado que tiene vendada la manito, me pidi\u00f3 que lo abrazara fuerte y sonri\u00f3\u00bb"},"content":{"rendered":"<p><!-- VideographyWP Plugin Message: Automatic video embedding prevented by plugin options. --><br \/>\nDiego G\u00f3mez, el pap\u00e1 del ni\u00f1o baleado por Alberto Lafuente, habl\u00f3 con El Diario de San Pedro y nos cont\u00f3 sobre su estado de salud. <\/p>\n<p>  Recordemos que Emerson Agust\u00edn G\u00f3mez result\u00f3 herido de gravedad luego de recibir dos disparos de arma de fuego. El agresor, Alberto Lafuente, primero termin\u00f3 con la vida de su madre y luego, dispar\u00f3 contra \u00e9l. Logr\u00f3 escaparse y, finalmente se quit\u00f3 la vida.<\/p>\n<p>  Emerson fue trasladado de urgencia al Hospital de nuestra ciudad minutos despu\u00e9s de haber sido herido, en una ardua lucha los m\u00e9dicos locales lograron estabilizarlo y decidieron su traslado al Hospital San Jos\u00e9 de Pergamino, donde se encuentra internado hasta el d\u00eda de la fecha. All\u00ed, fue intervenido quir\u00fargicamente y a principios de esta semana supimos que evoluciona favorablemente. Con el pasar de los d\u00edas, los m\u00e9dicos de dicho Hospital evaluaban un nuevo traslado, esta vez al Hospital Garrahan, para enfrentar una nueva cirug\u00eda, en la que se le extraer\u00e1 el segundo proyectil que qued\u00f3 alojado. <\/p>\n<p>  Su pap\u00e1 cont\u00f3 que Emerson se encuentra muy bien, tuvo muy buena respuesta al tratamiento y a los antibi\u00f3ticos. Adem\u00e1s, detall\u00f3 que seg\u00fan le dijeron los m\u00e9dicos ayer, a su hijo no le habr\u00eda quedado ninguna secuela. Tal es su mejor\u00eda que, el pr\u00f3ximo martes o mi\u00e9rcoles lo llevar\u00edan al Hospital Garrahan para extraerle la \u00faltima bala.<\/p>\n<p>  Cuenta tambi\u00e9n que ha recibido el apoyo de amigos, familiares, patrones y de los medios de comunicaci\u00f3n. Est\u00e1 muy agradecido por esto. <\/p>\n<p>  Con respecto a todo lo sucedido, manifest\u00f3 que fue muy dif\u00edcil para \u00e9l todo y que, verlo recuperarse es emocionante. \u201cPara m\u00ed fue un tema muy bravo, porque yo no ve\u00eda a mi hijo desde hace 6 a\u00f1os. Estuvo conmigo hasta esa edad y despu\u00e9s me lo desprendieron. Cuando me enter\u00e9 lo que le hab\u00eda pasado y con quien estaba viviendo, se me parti\u00f3 el alma. Cuando entr\u00e9 y vi que me recib\u00eda muy bien, que me esperaba, me temblaron los pies, llor\u00e9. En ning\u00fan momento me fui de su lado, me parte el alma porque esto fue muy bravo. Me puse del lado que tiene vendada la manito, me pidi\u00f3 que lo abrazara fuerte y sonri\u00f3. Fue algo muy emocionante, pens\u00e9 que me iba a rechazar, le di muchos besos y m\u00e1s caricias, me miraba y se re\u00eda como diciendo ac\u00e1 est\u00e1 mi pap\u00e1\u201d. <\/p>\n<p>  Diego G\u00f3mez, asegura lamentar el fallecimiento de la mam\u00e1 de Emerson, pero tambi\u00e9n resalta que su \u00fanico inter\u00e9s ahora es su bienestar. \u201cA m\u00ed me interesa el bienestar de mi hijo, el ahora, lo otro ya pas\u00f3\u201d. \u00c9l reconoce que ha tenido errores y confiesa que tiene muchas preguntas que quiz\u00e1s, no podr\u00e1 responder nunca, no se explica c\u00f3mo nadie lo resguard\u00f3 de la situaci\u00f3n que estaba viviendo, pero ante semejante vivencia que marcar\u00e1 la vida de Emerson, rescata que lo \u00fanico importante es su hijo. Dice que ya habr\u00e1 tiempo para aclarar situaciones.<\/p>\n<p>  \u201cMe interesa su salud y que salga bien. Deseo la pronta recuperaci\u00f3n de mi hijo y que esta pesadilla termine de una vez por todas. No vamos a dar el brazo a torcer, soy un luchador de toda la vida y nos iremos a vivir donde haya que ir a vivir, eso lo veremos m\u00e1s adelante. Ahora esperemos que Emer salga adelante y siga siendo el chico solidario, humilde, buena persona, sencillo y honesto que s\u00e9 que es. Esta vez no voy a permitir que el nene est\u00e9 con el abuelo, yo estoy ac\u00e1 por mi hijo y nadie me va a mover de ac\u00e1\u201d.<\/p>\n","protected":false},"excerpt":{"rendered":"<p>Diego G\u00f3mez, el pap\u00e1 del ni\u00f1o baleado por Alberto Lafuente, habl\u00f3 con El Diario de San Pedro y nos cont\u00f3 sobre su estado de salud. Recordemos que Emerson Agust\u00edn G\u00f3mez result\u00f3 herido de gravedad luego de recibir dos disparos de arma de fuego. El agresor, Alberto Lafuente, primero termin\u00f3 con la vida de su madre [&hellip;]<\/p>\n","protected":false},"author":4,"featured_media":32433,"comment_status":"open","ping_status":"closed","sticky":false,"template":"","format":"standard","meta":{"om_disable_all_campaigns":false,"_jetpack_memberships_contains_paid_content":false,"footnotes":""},"categories":[50,101,2],"tags":[],"class_list":["post-32432","post","type-post","status-publish","format-standard","has-post-thumbnail","hentry","category-destacadas","category-interes-general-locales","category-locales"],"aioseo_notices":[],"gutentor_comment":0,"jetpack_featured_media_url":"https:\/\/eldiariodesanpedro.com.ar\/sitio\/wp-content\/uploads\/2018\/04\/Emer-resulto-baleado-el-dia-que-mataron-a-su-madre.jpg","jetpack_shortlink":"https:\/\/wp.me\/p6RhLt-8r6","jetpack_sharing_enabled":true,"_links":{"self":[{"href":"https:\/\/eldiariodesanpedro.com.ar\/sitio\/wp-json\/wp\/v2\/posts\/32432","targetHints":{"allow":["GET"]}}],"collection":[{"href":"https:\/\/eldiariodesanpedro.com.ar\/sitio\/wp-json\/wp\/v2\/posts"}],"about":[{"href":"https:\/\/eldiariodesanpedro.com.ar\/sitio\/wp-json\/wp\/v2\/types\/post"}],"author":[{"embeddable":true,"href":"https:\/\/eldiariodesanpedro.com.ar\/sitio\/wp-json\/wp\/v2\/users\/4"}],"replies":[{"embeddable":true,"href":"https:\/\/eldiariodesanpedro.com.ar\/sitio\/wp-json\/wp\/v2\/comments?post=32432"}],"version-history":[{"count":1,"href":"https:\/\/eldiariodesanpedro.com.ar\/sitio\/wp-json\/wp\/v2\/posts\/32432\/revisions"}],"predecessor-version":[{"id":32434,"href":"https:\/\/eldiariodesanpedro.com.ar\/sitio\/wp-json\/wp\/v2\/posts\/32432\/revisions\/32434"}],"wp:featuredmedia":[{"embeddable":true,"href":"https:\/\/eldiariodesanpedro.com.ar\/sitio\/wp-json\/wp\/v2\/media\/32433"}],"wp:attachment":[{"href":"https:\/\/eldiariodesanpedro.com.ar\/sitio\/wp-json\/wp\/v2\/media?parent=32432"}],"wp:term":[{"taxonomy":"category","embeddable":true,"href":"https:\/\/eldiariodesanpedro.com.ar\/sitio\/wp-json\/wp\/v2\/categories?post=32432"},{"taxonomy":"post_tag","embeddable":true,"href":"https:\/\/eldiariodesanpedro.com.ar\/sitio\/wp-json\/wp\/v2\/tags?post=32432"}],"curies":[{"name":"wp","href":"https:\/\/api.w.org\/{rel}","templated":true}]}}