{"id":32427,"date":"2018-04-27T20:15:00","date_gmt":"2018-04-27T23:15:00","guid":{"rendered":"https:\/\/eldiariodesanpedro.com.ar\/sitio\/?p=32427"},"modified":"2026-01-24T00:16:23","modified_gmt":"2026-01-24T03:16:23","slug":"club-pescadores-hoy-asamblea-con-dos-listas-que-se-presentan-guererro-altolaguirre-y-vlaeminck-actis","status":"publish","type":"post","link":"https:\/\/eldiariodesanpedro.com.ar\/sitio\/club-pescadores-hoy-asamblea-con-dos-listas-que-se-presentan-guererro-altolaguirre-y-vlaeminck-actis\/","title":{"rendered":"CLUB PESCADORES: Ma\u00f1ana Asamblea con dos listas que se presentan: Guererro-Altolaguirre y Vlaeminck-Actis"},"content":{"rendered":"<p><!-- VideographyWP Plugin Message: Automatic video embedding prevented by plugin options. --><br \/>\nNo Es Un D\u00eda M\u00e1s En La Vida Institucional Del Club Pescadores, es que este s\u00e1bado se lleva a cabo desde las 19 hs. la anunciada asamblea donde, por segunda vez en su historia, tendr\u00e1 dos listas con intenciones de regir los destinos del Club por los pr\u00f3ximos dos a\u00f1os; una encabezada por la dupla Marcelo Guerrero (Presidente) y Rodolfo \u201cFito\u201d Altolaguirre (vice) y la otra por Pablo Vlaeminck (Presidente) y Myrian Actis (Vice).<br \/>\n  Ambas se expresaron en los medios contando sus proyectos:<\/p>\n<p>  \u201cEstamos ante la gran oportunidad de seguir creciendo al haber hecho un gran trabajo para estabilizar el Club luego de la inundaci\u00f3n, el reflejo de esto es haber salido de un d\u00e9ficit de m\u00e1s $265.000 y que el balance que se presentara en la Asamblea, mostrara un super\u00e1vit de m\u00e1s de $ 870.000.-, esto nos da la posibilidad de hacer obras tan esperadas por los socios\u201d.<br \/>\n  \u201cSabemos c\u00f3mo hacer, por la experiencia adquirida y por vivir desde hace muchos a\u00f1os el Club desde adentro\u201d (Marcelo Guerrero)<\/p>\n<p>  \u201cEs un compromiso que tomamos porque nos gusta, con humildad y trabajo, en conjunto con los empleados del Club, podemos hacer cosas sin demasiada inversi\u00f3n y proyectar obras grandes de suma importancia para el crecimiento y comodidad del socio\u201d. <\/p>\n<p>  \u201cHay que cambiar y mejorar, traer deportes, hacerlos competitivos, ha disminuido en algunos casos con poco apoyo y esos deportes deben ser la representatividad del Club, por eso hay que mejorar y apoyar\u201d. (Pablo Vlaeminck)<\/p>\n<p>  Los socios podr\u00e1n elegir entre estas dos listas, conformadas por los socios:<\/p>\n<p><strong>LISTA CELESTE<\/strong><br \/>\nPresidente: Marcelo Guerrero<br \/>\nVicepresidente: Rodolfo \u201cFito\u201d Altolaguirre<br \/>\nSecretario: Ma. Bel\u00e9n Gim\u00e9nez<br \/>\nProsecretario: Mauricio Molina<br \/>\nTesorero: Adri\u00e1n Parera<br \/>\nProtesorero: Daniel Marcell<br \/>\nVocales titulares:<br \/>\nMar\u00eda Yans<br \/>\nJos\u00e9 Garc\u00eda<br \/>\nJos\u00e9 Scattone<br \/>\nHugo Cejas<br \/>\nVocales suplentes<br \/>\nGast\u00f3n Migone<br \/>\nCesar Montes<br \/>\nFernando Saralegui<br \/>\nMiguel L\u00f3pez<br \/>\nRev. Ctas titulares:<br \/>\nCristian L\u00f3pez<br \/>\nAlejandro Belo<br \/>\nSuplentes:<br \/>\nMart\u00edn Dona<br \/>\nDami\u00e1n Trotta<\/p>\n<p><strong>LISTA AZUL Y BLANCA<\/strong><br \/>\nPresidente: Pablo Vlaeminck<br \/>\nVicepresidente: Myrian Actis<br \/>\nSecretario: Daniel Z\u00e1rate<br \/>\nProsecretario: Jorge Piris<br \/>\nTesorero: Javier Ar\u00e9valo<br \/>\nProtesorero: Victoria Gnecco<br \/>\nVocales:<br \/>\nHoracio Leiva<br \/>\nN\u00e9stor P\u00e9rez<br \/>\nGer\u00f3nimo Roquel<br \/>\nGustavo Salvatierra<br \/>\nRam\u00f3n Medina<br \/>\nAlfredo Pereyra<br \/>\nWalter Pereyra<br \/>\nMart\u00edn Corbal\u00e1n<br \/>\nAnalia Sibilla<br \/>\nJavier B\u00e9<br \/>\nRev. Ctas titulares:<br \/>\nLuc\u00eda Manzo<br \/>\nGisella Z\u00e1rate<br \/>\nM\u00f3nica Mallo<br \/>\nGustavo Tettamanti<br \/>\nMayra Mart\u00ednez<\/p>\n","protected":false},"excerpt":{"rendered":"<p>No Es Un D\u00eda M\u00e1s En La Vida Institucional Del Club Pescadores, es que este s\u00e1bado se lleva a cabo desde las 19 hs. la anunciada asamblea donde, por segunda vez en su historia, tendr\u00e1 dos listas con intenciones de regir los destinos del Club por los pr\u00f3ximos dos a\u00f1os; una encabezada por la dupla [&hellip;]<\/p>\n","protected":false},"author":4,"featured_media":32429,"comment_status":"open","ping_status":"closed","sticky":false,"template":"","format":"standard","meta":{"om_disable_all_campaigns":false,"_jetpack_memberships_contains_paid_content":false,"footnotes":""},"categories":[5],"tags":[],"class_list":["post-32427","post","type-post","status-publish","format-standard","has-post-thumbnail","hentry","category-deportes"],"aioseo_notices":[],"gutentor_comment":0,"jetpack_featured_media_url":"https:\/\/eldiariodesanpedro.com.ar\/sitio\/wp-content\/uploads\/2018\/04\/Guererro-Altolaguirre-y-Vlaeminck-Actis.jpg","jetpack_shortlink":"https:\/\/wp.me\/p6RhLt-8r1","jetpack_sharing_enabled":true,"_links":{"self":[{"href":"https:\/\/eldiariodesanpedro.com.ar\/sitio\/wp-json\/wp\/v2\/posts\/32427","targetHints":{"allow":["GET"]}}],"collection":[{"href":"https:\/\/eldiariodesanpedro.com.ar\/sitio\/wp-json\/wp\/v2\/posts"}],"about":[{"href":"https:\/\/eldiariodesanpedro.com.ar\/sitio\/wp-json\/wp\/v2\/types\/post"}],"author":[{"embeddable":true,"href":"https:\/\/eldiariodesanpedro.com.ar\/sitio\/wp-json\/wp\/v2\/users\/4"}],"replies":[{"embeddable":true,"href":"https:\/\/eldiariodesanpedro.com.ar\/sitio\/wp-json\/wp\/v2\/comments?post=32427"}],"version-history":[{"count":2,"href":"https:\/\/eldiariodesanpedro.com.ar\/sitio\/wp-json\/wp\/v2\/posts\/32427\/revisions"}],"predecessor-version":[{"id":32431,"href":"https:\/\/eldiariodesanpedro.com.ar\/sitio\/wp-json\/wp\/v2\/posts\/32427\/revisions\/32431"}],"wp:featuredmedia":[{"embeddable":true,"href":"https:\/\/eldiariodesanpedro.com.ar\/sitio\/wp-json\/wp\/v2\/media\/32429"}],"wp:attachment":[{"href":"https:\/\/eldiariodesanpedro.com.ar\/sitio\/wp-json\/wp\/v2\/media?parent=32427"}],"wp:term":[{"taxonomy":"category","embeddable":true,"href":"https:\/\/eldiariodesanpedro.com.ar\/sitio\/wp-json\/wp\/v2\/categories?post=32427"},{"taxonomy":"post_tag","embeddable":true,"href":"https:\/\/eldiariodesanpedro.com.ar\/sitio\/wp-json\/wp\/v2\/tags?post=32427"}],"curies":[{"name":"wp","href":"https:\/\/api.w.org\/{rel}","templated":true}]}}