{"id":32426,"date":"2018-04-27T20:12:21","date_gmt":"2018-04-27T23:12:21","guid":{"rendered":"https:\/\/eldiariodesanpedro.com.ar\/sitio\/?p=32426"},"modified":"2026-01-24T00:16:23","modified_gmt":"2026-01-24T03:16:23","slug":"futbol-local-parana-mitre-juegan-hoy-desde-las-15-45-hs","status":"publish","type":"post","link":"https:\/\/eldiariodesanpedro.com.ar\/sitio\/futbol-local-parana-mitre-juegan-hoy-desde-las-15-45-hs\/","title":{"rendered":"F\u00daTBOL LOCAL: Paran\u00e1-Mitre juegan hoy desde las 15.45 hs."},"content":{"rendered":"<p><!-- VideographyWP Plugin Message: Automatic video embedding prevented by plugin options. --><br \/>\n  S\u00e1bado con f\u00fatbol, se enfrentan Paran\u00e1 y Mitre en cancha del \u00abAlbirojo\u00bb y est\u00e1 todo dicho, disputar\u00e1n el cotejo de la quinta fecha (interzonal). Ambos vienen de ganar, Paran\u00e1 3-1 a Central C\u00f3rdoba y Mitre de golear a Gral. San Mart\u00edn 5-1. <\/p>\n<p>  Paran\u00e1 ocupa la segunda posici\u00f3n en su zona (A), a dos puntos de Sportivo, \u00fanico l\u00edder. Mitre (zona B) tambi\u00e9n est\u00e1 segundo, comparte ese puesto con Las Palmeras y San Mart\u00edn, un punto detr\u00e1s de Atl\u00e9tico el puntero. <\/p>\n<p>  La tira de partidos comenzar\u00e1 a las 13:00 hs. del s\u00e1bado 28 con quinta, cuarta, tercera, Sub 21 (siempre y cuando el clima acompa\u00f1e), jugando con primera a las 18:30 horas.<\/p>\n<p><strong>Todos los partidos<\/strong><\/p>\n<p><strong>Quinta fecha <\/strong><br \/>\n<em>S\u00e1bado 28<\/em><br \/>\nInterzonal: Paran\u00e1 FC &#8211; Mitre-18.30 hs<\/p>\n<p>Domingo 29<br \/>\n<em>Zona \u00abA\u00bb<\/em><br \/>\nC. C\u00f3rdoba &#8211; La Esperanza, 15.45 horas<br \/>\nAgricultores &#8211; Sportivo, 15.45 horas<br \/>\nBanfield &#8211; I. Portela, 15.45 horas<br \/>\nAm\u00e9rica -Fundici\u00f3n, 15.45 horas<\/p>\n<p><em>Zona \u00abB\u00bb<\/em><br \/>\nLas Palmeras &#8211; Atl\u00e9tico, 15.45 horas<br \/>\nIndependencia &#8211; Rivadavia, 15.45 horas<br \/>\nG. S. Mart\u00edn &#8211; Def. Unidos, 15.45 horas<br \/>\nMartes 1\u00ba de mayo<br \/>\nSan Roque FC &#8211; D. Alsina, 15.45 horas<\/p>\n<p>Partido pendiente de la fecha 4<br \/>\nI. Portela -Am\u00e9rica, 15.45 horas<\/p>\n<p>  Los horarios corresponden a primera divisi\u00f3n. En todas las canchas (salvo el cl\u00e1sico) el horario de inicio es a las 10.00 hs.<\/p>\n","protected":false},"excerpt":{"rendered":"<p>S\u00e1bado con f\u00fatbol, se enfrentan Paran\u00e1 y Mitre en cancha del \u00abAlbirojo\u00bb y est\u00e1 todo dicho, disputar\u00e1n el cotejo de la quinta fecha (interzonal). Ambos vienen de ganar, Paran\u00e1 3-1 a Central C\u00f3rdoba y Mitre de golear a Gral. San Mart\u00edn 5-1. Paran\u00e1 ocupa la segunda posici\u00f3n en su zona (A), a dos puntos de [&hellip;]<\/p>\n","protected":false},"author":4,"featured_media":20147,"comment_status":"open","ping_status":"closed","sticky":false,"template":"","format":"standard","meta":{"om_disable_all_campaigns":false,"_jetpack_memberships_contains_paid_content":false,"footnotes":""},"categories":[5],"tags":[],"class_list":["post-32426","post","type-post","status-publish","format-standard","has-post-thumbnail","hentry","category-deportes"],"aioseo_notices":[],"gutentor_comment":0,"jetpack_featured_media_url":"https:\/\/eldiariodesanpedro.com.ar\/sitio\/wp-content\/uploads\/2017\/06\/futbol-gol.jpg","jetpack_shortlink":"https:\/\/wp.me\/p6RhLt-8r0","jetpack_sharing_enabled":true,"_links":{"self":[{"href":"https:\/\/eldiariodesanpedro.com.ar\/sitio\/wp-json\/wp\/v2\/posts\/32426","targetHints":{"allow":["GET"]}}],"collection":[{"href":"https:\/\/eldiariodesanpedro.com.ar\/sitio\/wp-json\/wp\/v2\/posts"}],"about":[{"href":"https:\/\/eldiariodesanpedro.com.ar\/sitio\/wp-json\/wp\/v2\/types\/post"}],"author":[{"embeddable":true,"href":"https:\/\/eldiariodesanpedro.com.ar\/sitio\/wp-json\/wp\/v2\/users\/4"}],"replies":[{"embeddable":true,"href":"https:\/\/eldiariodesanpedro.com.ar\/sitio\/wp-json\/wp\/v2\/comments?post=32426"}],"version-history":[{"count":1,"href":"https:\/\/eldiariodesanpedro.com.ar\/sitio\/wp-json\/wp\/v2\/posts\/32426\/revisions"}],"predecessor-version":[{"id":32428,"href":"https:\/\/eldiariodesanpedro.com.ar\/sitio\/wp-json\/wp\/v2\/posts\/32426\/revisions\/32428"}],"wp:featuredmedia":[{"embeddable":true,"href":"https:\/\/eldiariodesanpedro.com.ar\/sitio\/wp-json\/wp\/v2\/media\/20147"}],"wp:attachment":[{"href":"https:\/\/eldiariodesanpedro.com.ar\/sitio\/wp-json\/wp\/v2\/media?parent=32426"}],"wp:term":[{"taxonomy":"category","embeddable":true,"href":"https:\/\/eldiariodesanpedro.com.ar\/sitio\/wp-json\/wp\/v2\/categories?post=32426"},{"taxonomy":"post_tag","embeddable":true,"href":"https:\/\/eldiariodesanpedro.com.ar\/sitio\/wp-json\/wp\/v2\/tags?post=32426"}],"curies":[{"name":"wp","href":"https:\/\/api.w.org\/{rel}","templated":true}]}}