{"id":32419,"date":"2018-04-27T20:08:23","date_gmt":"2018-04-27T23:08:23","guid":{"rendered":"https:\/\/eldiariodesanpedro.com.ar\/sitio\/?p=32419"},"modified":"2026-01-24T00:16:24","modified_gmt":"2026-01-24T03:16:24","slug":"el-club-velez-llevo-adelante-una-captacion-de-talentos","status":"publish","type":"post","link":"https:\/\/eldiariodesanpedro.com.ar\/sitio\/el-club-velez-llevo-adelante-una-captacion-de-talentos\/","title":{"rendered":"El Club V\u00e9lez llev\u00f3 adelante una captaci\u00f3n de talentos"},"content":{"rendered":"<p><!-- VideographyWP Plugin Message: Automatic video embedding prevented by plugin options. --><br \/>\n  En el Estadio Municipal se llev\u00f3 a cabo la prueba de jugadores de entre 10 y 16 a\u00f1os encabezada por Hermes Campos, integrante del \u00c1rea Captaci\u00f3n dependiente del Departamento de F\u00fatbol Amateur del Club V\u00e9lez Sarsfield e, impulsada por el Club Atl\u00e9tico Mitre de nuestra ciudad. <\/p>\n<p>  Durante unas cinco horas en el \u00abColoso\u00bb, m\u00e1s de 100 jugadores de distintos clubes locales y de la zona se mostraron ante Hermes Campos, quien en su lista se llev\u00f3 una grata impresi\u00f3n de varios, siendo unos 10 los que seguramente tendr\u00e1n una chance de ir a V\u00e9lez para una prueba superior. <\/p>\n<p>  No es la primera vez que Campos viene a San Pedro, ya en ocasiones anteriores hubo jugadores que estuvieron muy cerca de quedar en V\u00e9lez, inclusive algunos que hoy est\u00e1n en otros clubes de AFA.<\/p>\n<p><strong>El 4 de mayo probar\u00e1 jugadores el Club Talleres de C\u00f3rdoba<\/strong><br \/>\n  En el a\u00f1o 2015 este Club llev\u00f3 a cabo una prueba en la cual varios jugadores de Mitre viajaron a C\u00f3rdoba, donde el Club Talleres integr\u00f3 a sus planteles a tres juveniles del \u00abrojo\u00bb. Dos de ellos a\u00fan est\u00e1n all\u00ed, Tom\u00e1s Oneto (1998) con contrato profesional y Lisandro Sacc\u00e1 (2001), quien se recupera de una intervenci\u00f3n quir\u00fargica. <\/p>\n<p>  Estar\u00e1 Hern\u00e1n Llanos y la prueba ser\u00e1 en el estadio Municipal el pr\u00f3ximo 4 de mayo desde las 13:00 hs. con la coordinaci\u00f3n del propio Gerardo Esp\u00edndola. La prueba es abierta.  <\/p>\n","protected":false},"excerpt":{"rendered":"<p>En el Estadio Municipal se llev\u00f3 a cabo la prueba de jugadores de entre 10 y 16 a\u00f1os encabezada por Hermes Campos, integrante del \u00c1rea Captaci\u00f3n dependiente del Departamento de F\u00fatbol Amateur del Club V\u00e9lez Sarsfield e, impulsada por el Club Atl\u00e9tico Mitre de nuestra ciudad. Durante unas cinco horas en el \u00abColoso\u00bb, m\u00e1s de [&hellip;]<\/p>\n","protected":false},"author":4,"featured_media":17907,"comment_status":"open","ping_status":"closed","sticky":false,"template":"","format":"standard","meta":{"om_disable_all_campaigns":false,"_jetpack_memberships_contains_paid_content":false,"footnotes":""},"categories":[5],"tags":[],"class_list":["post-32419","post","type-post","status-publish","format-standard","has-post-thumbnail","hentry","category-deportes"],"aioseo_notices":[],"gutentor_comment":0,"jetpack_featured_media_url":"https:\/\/eldiariodesanpedro.com.ar\/sitio\/wp-content\/uploads\/2017\/04\/futbol-balon.jpg","jetpack_shortlink":"https:\/\/wp.me\/p6RhLt-8qT","jetpack_sharing_enabled":true,"_links":{"self":[{"href":"https:\/\/eldiariodesanpedro.com.ar\/sitio\/wp-json\/wp\/v2\/posts\/32419","targetHints":{"allow":["GET"]}}],"collection":[{"href":"https:\/\/eldiariodesanpedro.com.ar\/sitio\/wp-json\/wp\/v2\/posts"}],"about":[{"href":"https:\/\/eldiariodesanpedro.com.ar\/sitio\/wp-json\/wp\/v2\/types\/post"}],"author":[{"embeddable":true,"href":"https:\/\/eldiariodesanpedro.com.ar\/sitio\/wp-json\/wp\/v2\/users\/4"}],"replies":[{"embeddable":true,"href":"https:\/\/eldiariodesanpedro.com.ar\/sitio\/wp-json\/wp\/v2\/comments?post=32419"}],"version-history":[{"count":2,"href":"https:\/\/eldiariodesanpedro.com.ar\/sitio\/wp-json\/wp\/v2\/posts\/32419\/revisions"}],"predecessor-version":[{"id":32424,"href":"https:\/\/eldiariodesanpedro.com.ar\/sitio\/wp-json\/wp\/v2\/posts\/32419\/revisions\/32424"}],"wp:featuredmedia":[{"embeddable":true,"href":"https:\/\/eldiariodesanpedro.com.ar\/sitio\/wp-json\/wp\/v2\/media\/17907"}],"wp:attachment":[{"href":"https:\/\/eldiariodesanpedro.com.ar\/sitio\/wp-json\/wp\/v2\/media?parent=32419"}],"wp:term":[{"taxonomy":"category","embeddable":true,"href":"https:\/\/eldiariodesanpedro.com.ar\/sitio\/wp-json\/wp\/v2\/categories?post=32419"},{"taxonomy":"post_tag","embeddable":true,"href":"https:\/\/eldiariodesanpedro.com.ar\/sitio\/wp-json\/wp\/v2\/tags?post=32419"}],"curies":[{"name":"wp","href":"https:\/\/api.w.org\/{rel}","templated":true}]}}