{"id":32414,"date":"2018-04-27T20:04:30","date_gmt":"2018-04-27T23:04:30","guid":{"rendered":"https:\/\/eldiariodesanpedro.com.ar\/sitio\/?p=32414"},"modified":"2018-04-27T20:04:30","modified_gmt":"2018-04-27T23:04:30","slug":"ramallo-cuatro-patrulleros-nuevos-para-la-localidad","status":"publish","type":"post","link":"https:\/\/eldiariodesanpedro.com.ar\/sitio\/ramallo-cuatro-patrulleros-nuevos-para-la-localidad\/","title":{"rendered":"RAMALLO: Cuatro patrulleros nuevos para la localidad"},"content":{"rendered":"<p><!-- VideographyWP Plugin Message: Automatic video embedding prevented by plugin options. --><br \/>\n  Ser\u00e1n distribuidos en las distintas localidades del Partido de Ramallo.<\/p>\n<p>Despu\u00e9s de las gestiones realizadas por el Intendente Mauro Poletti y el Subsecretario de Seguridad municipal Mart\u00edn Maidana ante el Ministro de Seguridad de la Provincia de Buenos Aires, Sr. Cristian Ritondo, se pudo destrabar el arribo de nuevos patrulleros al Partido de Ramallo. <\/p>\n<p>  Sobre los patrulleros nuevos, el mi\u00e9rcoles, el Coordinador de las Fuerzas de Seguridad, Julio Mac\u00edas, viaj\u00f3 a la ciudad de La Plata para ultimar detalles en el arribo de cuatro nuevos m\u00f3viles policiales. Dichos patrulleros ser\u00e1n distribuidos en las distintas localidades del Partido de Ramallo.<\/p>\n<p>Fuente: Ramallo Informa<\/p>\n","protected":false},"excerpt":{"rendered":"<p>Ser\u00e1n distribuidos en las distintas localidades del Partido de Ramallo. Despu\u00e9s de las gestiones realizadas por el Intendente Mauro Poletti y el Subsecretario de Seguridad municipal Mart\u00edn Maidana ante el Ministro de Seguridad de la Provincia de Buenos Aires, Sr. Cristian Ritondo, se pudo destrabar el arribo de nuevos patrulleros al Partido de Ramallo. Sobre [&hellip;]<\/p>\n","protected":false},"author":4,"featured_media":32415,"comment_status":"open","ping_status":"closed","sticky":false,"template":"","format":"standard","meta":{"om_disable_all_campaigns":false,"_jetpack_memberships_contains_paid_content":false,"footnotes":""},"categories":[621],"tags":[],"class_list":["post-32414","post","type-post","status-publish","format-standard","has-post-thumbnail","hentry","category-regionales"],"aioseo_notices":[],"gutentor_comment":0,"jetpack_featured_media_url":"https:\/\/eldiariodesanpedro.com.ar\/sitio\/wp-content\/uploads\/2018\/04\/camioneta-patrullero.jpg","jetpack_shortlink":"https:\/\/wp.me\/p6RhLt-8qO","jetpack_sharing_enabled":true,"_links":{"self":[{"href":"https:\/\/eldiariodesanpedro.com.ar\/sitio\/wp-json\/wp\/v2\/posts\/32414","targetHints":{"allow":["GET"]}}],"collection":[{"href":"https:\/\/eldiariodesanpedro.com.ar\/sitio\/wp-json\/wp\/v2\/posts"}],"about":[{"href":"https:\/\/eldiariodesanpedro.com.ar\/sitio\/wp-json\/wp\/v2\/types\/post"}],"author":[{"embeddable":true,"href":"https:\/\/eldiariodesanpedro.com.ar\/sitio\/wp-json\/wp\/v2\/users\/4"}],"replies":[{"embeddable":true,"href":"https:\/\/eldiariodesanpedro.com.ar\/sitio\/wp-json\/wp\/v2\/comments?post=32414"}],"version-history":[{"count":1,"href":"https:\/\/eldiariodesanpedro.com.ar\/sitio\/wp-json\/wp\/v2\/posts\/32414\/revisions"}],"predecessor-version":[{"id":32417,"href":"https:\/\/eldiariodesanpedro.com.ar\/sitio\/wp-json\/wp\/v2\/posts\/32414\/revisions\/32417"}],"wp:featuredmedia":[{"embeddable":true,"href":"https:\/\/eldiariodesanpedro.com.ar\/sitio\/wp-json\/wp\/v2\/media\/32415"}],"wp:attachment":[{"href":"https:\/\/eldiariodesanpedro.com.ar\/sitio\/wp-json\/wp\/v2\/media?parent=32414"}],"wp:term":[{"taxonomy":"category","embeddable":true,"href":"https:\/\/eldiariodesanpedro.com.ar\/sitio\/wp-json\/wp\/v2\/categories?post=32414"},{"taxonomy":"post_tag","embeddable":true,"href":"https:\/\/eldiariodesanpedro.com.ar\/sitio\/wp-json\/wp\/v2\/tags?post=32414"}],"curies":[{"name":"wp","href":"https:\/\/api.w.org\/{rel}","templated":true}]}}