{"id":32406,"date":"2018-04-27T20:00:25","date_gmt":"2018-04-27T23:00:25","guid":{"rendered":"https:\/\/eldiariodesanpedro.com.ar\/sitio\/?p=32406"},"modified":"2018-04-27T20:00:25","modified_gmt":"2018-04-27T23:00:25","slug":"baradero-municipales-se-dicto-la-conciliacion-obligatoria","status":"publish","type":"post","link":"https:\/\/eldiariodesanpedro.com.ar\/sitio\/baradero-municipales-se-dicto-la-conciliacion-obligatoria\/","title":{"rendered":"BARADERO, Municipales: Se dict\u00f3 la Conciliaci\u00f3n Obligatoria"},"content":{"rendered":"<p><!-- VideographyWP Plugin Message: Automatic video embedding prevented by plugin options. --><br \/>\nEl Ministerio de Trabajo dict\u00f3 este mediod\u00eda la conciliaci\u00f3n obligatoria en el conflicto entre los trabajadores municipales a trav\u00e9s de sus representantes y el Ejecutivo municipal, por el aumento de sueldo para este a\u00f1o.<\/p>\n<p> Jos\u00e9 Montero, del SOEMB explic\u00f3: \u201cSe dict\u00f3 un paro por 24 horas m\u00e1s -es decir que fueron 48 las horas del paro activo- y hoy en la Asamblea uno de los compa\u00f1eros propuso como moci\u00f3n paro por tiempo indeterminado y se vot\u00f3 por unanimidad. La decisi\u00f3n es hacer paro por tiempo indeterminado.<\/p>\n<p>  Esta medida la resolvemos entre todos los trabajadores municipales, afilados a ambos gremios, no afiliados, compa\u00f1eros que son contratados, todos, absolutamente todos votaron por unanimidad que, a partir de las 0 horas hay un paro por tiempo indeterminado.<\/p>\n<p><strong>Modalidad del paro<\/strong><br \/>\n  \u201cLa modalidad va a ser exactamente la misma, ser\u00e1 un paro activo en su lugar de trabajo, as\u00ed que ya est\u00e1n todos comunicados y ahora esperamos el acercamiento a trav\u00e9s de estas medidas por parte del Ejecutivo\u201d.<\/p>\n<p><strong>Acatamiento<\/strong><br \/>\n  \u201cEl afiliado entendi\u00f3 por lo que estamos peleando.  En la parte recolecci\u00f3n estuvieron todos de paro, hoy decidieron tambi\u00e9n acoplarse a la medida y esta noche tambi\u00e9n iremos a acompa\u00f1ar y a explicarle lo que se decidi\u00f3 por Asamblea y ah\u00ed veremos qu\u00e9 es lo que deciden ellos.\u201d<\/p>\n<p><strong>Reuni\u00f3n con la Intendente<\/strong><br \/>\n  \u201cAyer nos atendi\u00f3 alrededor de las 14 hs. De la reuni\u00f3n no sali\u00f3 nada constructivo ya que no hab\u00eda ning\u00fan ofrecimiento nuevo, s\u00ed se comprometi\u00f3 a sentarse esta ma\u00f1ana con Antonio Pando ver los n\u00fameros y, en caso que hubiera algo nuevo, nos iba a llamar. Hasta el momento no nos llam\u00f3\u201d.<\/p>\n<p>  Este mediod\u00eda la delegaci\u00f3n del Ministerio de Trabajo llam\u00f3 a las partes y dict\u00f3 la conciliaci\u00f3n obligatoria por la cual los empleados est\u00e1n obligados a retrotraer la medida y, las partes a dialogar por el lapso de 15 d\u00edas para encontrar una salida a la problem\u00e1tica planteada.<\/p>\n<p>  Por estos 15 d\u00edas, que pueden extenderse a 5 m\u00e1s no pueden las partes tomar ning\u00fan tipo de medidas.<\/p>\n<p>Fuente: Baradero Te Informa<\/p>\n","protected":false},"excerpt":{"rendered":"<p>El Ministerio de Trabajo dict\u00f3 este mediod\u00eda la conciliaci\u00f3n obligatoria en el conflicto entre los trabajadores municipales a trav\u00e9s de sus representantes y el Ejecutivo municipal, por el aumento de sueldo para este a\u00f1o. Jos\u00e9 Montero, del SOEMB explic\u00f3: \u201cSe dict\u00f3 un paro por 24 horas m\u00e1s -es decir que fueron 48 las horas del [&hellip;]<\/p>\n","protected":false},"author":4,"featured_media":32410,"comment_status":"open","ping_status":"closed","sticky":false,"template":"","format":"standard","meta":{"om_disable_all_campaigns":false,"_jetpack_memberships_contains_paid_content":false,"footnotes":""},"categories":[621],"tags":[],"class_list":["post-32406","post","type-post","status-publish","format-standard","has-post-thumbnail","hentry","category-regionales"],"aioseo_notices":[],"gutentor_comment":0,"jetpack_featured_media_url":"https:\/\/eldiariodesanpedro.com.ar\/sitio\/wp-content\/uploads\/2018\/04\/baradero-ministerio-de-trabajo-1.jpg","jetpack_shortlink":"https:\/\/wp.me\/p6RhLt-8qG","jetpack_sharing_enabled":true,"_links":{"self":[{"href":"https:\/\/eldiariodesanpedro.com.ar\/sitio\/wp-json\/wp\/v2\/posts\/32406","targetHints":{"allow":["GET"]}}],"collection":[{"href":"https:\/\/eldiariodesanpedro.com.ar\/sitio\/wp-json\/wp\/v2\/posts"}],"about":[{"href":"https:\/\/eldiariodesanpedro.com.ar\/sitio\/wp-json\/wp\/v2\/types\/post"}],"author":[{"embeddable":true,"href":"https:\/\/eldiariodesanpedro.com.ar\/sitio\/wp-json\/wp\/v2\/users\/4"}],"replies":[{"embeddable":true,"href":"https:\/\/eldiariodesanpedro.com.ar\/sitio\/wp-json\/wp\/v2\/comments?post=32406"}],"version-history":[{"count":1,"href":"https:\/\/eldiariodesanpedro.com.ar\/sitio\/wp-json\/wp\/v2\/posts\/32406\/revisions"}],"predecessor-version":[{"id":32411,"href":"https:\/\/eldiariodesanpedro.com.ar\/sitio\/wp-json\/wp\/v2\/posts\/32406\/revisions\/32411"}],"wp:featuredmedia":[{"embeddable":true,"href":"https:\/\/eldiariodesanpedro.com.ar\/sitio\/wp-json\/wp\/v2\/media\/32410"}],"wp:attachment":[{"href":"https:\/\/eldiariodesanpedro.com.ar\/sitio\/wp-json\/wp\/v2\/media?parent=32406"}],"wp:term":[{"taxonomy":"category","embeddable":true,"href":"https:\/\/eldiariodesanpedro.com.ar\/sitio\/wp-json\/wp\/v2\/categories?post=32406"},{"taxonomy":"post_tag","embeddable":true,"href":"https:\/\/eldiariodesanpedro.com.ar\/sitio\/wp-json\/wp\/v2\/tags?post=32406"}],"curies":[{"name":"wp","href":"https:\/\/api.w.org\/{rel}","templated":true}]}}