{"id":32404,"date":"2018-04-27T19:52:53","date_gmt":"2018-04-27T22:52:53","guid":{"rendered":"https:\/\/eldiariodesanpedro.com.ar\/sitio\/?p=32404"},"modified":"2018-04-27T19:52:53","modified_gmt":"2018-04-27T22:52:53","slug":"17-anos-sembrando-futuro-crecemos-con-dignidad","status":"publish","type":"post","link":"https:\/\/eldiariodesanpedro.com.ar\/sitio\/17-anos-sembrando-futuro-crecemos-con-dignidad\/","title":{"rendered":"\u00ab17 a\u00f1os sembrando futuro, crecemos con dignidad\u00bb"},"content":{"rendered":"<p><!-- VideographyWP Plugin Message: Automatic video embedding prevented by plugin options. --><br \/>\nLa Uni\u00f3n Argentina de Trabajadores Rurales y Estibadores (UATRE) a trav\u00e9s del Instituto de Capacitaci\u00f3n y Empleo (ICE) llev\u00f3 a cabo las XVII Jornadas de Capacitaci\u00f3n para Facilitadores del Programa de Alfabetizaci\u00f3n Rural (PAR) a cargo del Coordinador Nacional de UATRE, Oscar Ceriotti. <\/p>\n<p>  Ram\u00f3n Ayala, Secretario General de UATRE, habl\u00f3 a los facilitadores y destac\u00f3 que \u00abustedes se preparan para realizar una de las acciones que nosotros consideramos m\u00e1s nobles que puede haber, que es la de alfabetizar a nuestros compa\u00f1eros trabajadores y lo digo por experiencia porque el mayor de mis hermanos fue analfabeto, mi madre muri\u00f3 analfabeta y entonces esto, m\u00e1s que a nadie, me toca muy fuerte. El gremio se ha propuesto no solamente este programa de alfabetizaci\u00f3n sino la capacitaci\u00f3n de dirigentes para el manejo con los medios y oratoria para que los compa\u00f1eros sepan c\u00f3mo enviarle el mensaje a los trabajadores. Esto es lo que necesitamos para que nuestra organizaci\u00f3n crezca\u00bb.<\/p>\n<p>  \u00abA trav\u00e9s de esta capacitaci\u00f3n cada uno de nosotros somos militantes de la educaci\u00f3n en todo el pa\u00eds. Las puertas de la Uatre siempre est\u00e1n abiertas para nuestros trabajadores, para que juntos continuemos progresando d\u00eda a d\u00eda\u00bb, afirm\u00f3 Ceriotti.  <\/p>\n<p>  El encuentro cont\u00f3 adem\u00e1s con la participaci\u00f3n del secretariado nacional de Uatre y de la obra social de los trabajadores rurales. Acompa\u00f1aron adem\u00e1s autoridades del Renatre. <\/p>\n<p>  El mismo se realiz\u00f3 a lo largo de los d\u00edas 25 y 26 de abril en la Escuela Sindical Lorenzo Mariano Miguel. Las jornadas de capacitaci\u00f3n cumplen 17a\u00f1os trabajando incansablemente junto a alfabetizadores que llegan de los lugares m\u00e1s rec\u00f3nditos de nuestro pa\u00eds, parajes rurales donde la analfabetizaci\u00f3n persiste. <\/p>\n<p>  UATRE toma como bandera erradicar la incapacidad de leer y escribir en nuestro pa\u00eds rural y ya cuenta con m\u00e1s de 100.000 alfabetizados con el m\u00e9todo PAR que se distribuye en m\u00e1s de 3.000 Centros PAR. En 2017 se abrieron m\u00e1s de 300 centros PAR y se alfabetizaron m\u00e1s de 5000 trabajadores y trabajadoras. Este ciclo aspira a llegar a los 100.000 alfabetizados que habitan la zona rural de nuestro pa\u00eds.<\/p>\n<p>  UATRE trabaja incansablemente desde hace m\u00e1s de 20 a\u00f1os para dignificar a los trabajadores rurales y sus familias, defender sus derechos, reivindicar el trabajar decentemente y erradicar el trabajo infantil.<\/p>\n","protected":false},"excerpt":{"rendered":"<p>La Uni\u00f3n Argentina de Trabajadores Rurales y Estibadores (UATRE) a trav\u00e9s del Instituto de Capacitaci\u00f3n y Empleo (ICE) llev\u00f3 a cabo las XVII Jornadas de Capacitaci\u00f3n para Facilitadores del Programa de Alfabetizaci\u00f3n Rural (PAR) a cargo del Coordinador Nacional de UATRE, Oscar Ceriotti. Ram\u00f3n Ayala, Secretario General de UATRE, habl\u00f3 a los facilitadores y destac\u00f3 [&hellip;]<\/p>\n","protected":false},"author":4,"featured_media":32405,"comment_status":"open","ping_status":"closed","sticky":false,"template":"","format":"standard","meta":{"om_disable_all_campaigns":false,"_jetpack_memberships_contains_paid_content":false,"footnotes":""},"categories":[101,2],"tags":[],"class_list":["post-32404","post","type-post","status-publish","format-standard","has-post-thumbnail","hentry","category-interes-general-locales","category-locales"],"aioseo_notices":[],"gutentor_comment":0,"jetpack_featured_media_url":"https:\/\/eldiariodesanpedro.com.ar\/sitio\/wp-content\/uploads\/2018\/04\/Programa-de-Alfabetizacion-Rural-uatre.jpg","jetpack_shortlink":"https:\/\/wp.me\/p6RhLt-8qE","jetpack_sharing_enabled":true,"_links":{"self":[{"href":"https:\/\/eldiariodesanpedro.com.ar\/sitio\/wp-json\/wp\/v2\/posts\/32404","targetHints":{"allow":["GET"]}}],"collection":[{"href":"https:\/\/eldiariodesanpedro.com.ar\/sitio\/wp-json\/wp\/v2\/posts"}],"about":[{"href":"https:\/\/eldiariodesanpedro.com.ar\/sitio\/wp-json\/wp\/v2\/types\/post"}],"author":[{"embeddable":true,"href":"https:\/\/eldiariodesanpedro.com.ar\/sitio\/wp-json\/wp\/v2\/users\/4"}],"replies":[{"embeddable":true,"href":"https:\/\/eldiariodesanpedro.com.ar\/sitio\/wp-json\/wp\/v2\/comments?post=32404"}],"version-history":[{"count":1,"href":"https:\/\/eldiariodesanpedro.com.ar\/sitio\/wp-json\/wp\/v2\/posts\/32404\/revisions"}],"predecessor-version":[{"id":32407,"href":"https:\/\/eldiariodesanpedro.com.ar\/sitio\/wp-json\/wp\/v2\/posts\/32404\/revisions\/32407"}],"wp:featuredmedia":[{"embeddable":true,"href":"https:\/\/eldiariodesanpedro.com.ar\/sitio\/wp-json\/wp\/v2\/media\/32405"}],"wp:attachment":[{"href":"https:\/\/eldiariodesanpedro.com.ar\/sitio\/wp-json\/wp\/v2\/media?parent=32404"}],"wp:term":[{"taxonomy":"category","embeddable":true,"href":"https:\/\/eldiariodesanpedro.com.ar\/sitio\/wp-json\/wp\/v2\/categories?post=32404"},{"taxonomy":"post_tag","embeddable":true,"href":"https:\/\/eldiariodesanpedro.com.ar\/sitio\/wp-json\/wp\/v2\/tags?post=32404"}],"curies":[{"name":"wp","href":"https:\/\/api.w.org\/{rel}","templated":true}]}}