{"id":32398,"date":"2018-04-27T17:43:35","date_gmt":"2018-04-27T20:43:35","guid":{"rendered":"https:\/\/eldiariodesanpedro.com.ar\/sitio\/?p=32398"},"modified":"2018-04-27T17:43:35","modified_gmt":"2018-04-27T20:43:35","slug":"un-nuevo-buque-arriba-al-puerto-san-pedro-para-cargar-citricos","status":"publish","type":"post","link":"https:\/\/eldiariodesanpedro.com.ar\/sitio\/un-nuevo-buque-arriba-al-puerto-san-pedro-para-cargar-citricos\/","title":{"rendered":"Un nuevo buque arriba al Puerto San Pedro para cargar citricos"},"content":{"rendered":"<p><!-- VideographyWP Plugin Message: Automatic video embedding prevented by plugin options. --><br \/>\nDesde el Consorcio de Gesti\u00f3n del Puerto San Pedro se comunic\u00f3 el arribo de un buque denominado \u201cChaiten\u201d el pr\u00f3ximo mi\u00e9rcoles, de bandera bahamas, ingresara en el puerto local.<\/p>\n<p>El barco de 152 metros de eslora, procede de Mauritania y operar\u00e1 en el muelle cabecera, en donde cargar\u00e1 6000 pallts de citricos aproximadamente con destino a Rusia y Pa\u00edses Bajos.<\/p>\n","protected":false},"excerpt":{"rendered":"<p>Desde el Consorcio de Gesti\u00f3n del Puerto San Pedro se comunic\u00f3 el arribo de un buque denominado \u201cChaiten\u201d el pr\u00f3ximo mi\u00e9rcoles, de bandera bahamas, ingresara en el puerto local. El barco de 152 metros de eslora, procede de Mauritania y operar\u00e1 en el muelle cabecera, en donde cargar\u00e1 6000 pallts de citricos aproximadamente con destino [&hellip;]<\/p>\n","protected":false},"author":4,"featured_media":32399,"comment_status":"open","ping_status":"closed","sticky":false,"template":"","format":"standard","meta":{"om_disable_all_campaigns":false,"_jetpack_memberships_contains_paid_content":false,"footnotes":""},"categories":[101,2],"tags":[],"class_list":["post-32398","post","type-post","status-publish","format-standard","has-post-thumbnail","hentry","category-interes-general-locales","category-locales"],"aioseo_notices":[],"gutentor_comment":0,"jetpack_featured_media_url":"https:\/\/eldiariodesanpedro.com.ar\/sitio\/wp-content\/uploads\/2018\/04\/Mv-Chaiten-1325897.jpg","jetpack_shortlink":"https:\/\/wp.me\/p6RhLt-8qy","jetpack_sharing_enabled":true,"_links":{"self":[{"href":"https:\/\/eldiariodesanpedro.com.ar\/sitio\/wp-json\/wp\/v2\/posts\/32398","targetHints":{"allow":["GET"]}}],"collection":[{"href":"https:\/\/eldiariodesanpedro.com.ar\/sitio\/wp-json\/wp\/v2\/posts"}],"about":[{"href":"https:\/\/eldiariodesanpedro.com.ar\/sitio\/wp-json\/wp\/v2\/types\/post"}],"author":[{"embeddable":true,"href":"https:\/\/eldiariodesanpedro.com.ar\/sitio\/wp-json\/wp\/v2\/users\/4"}],"replies":[{"embeddable":true,"href":"https:\/\/eldiariodesanpedro.com.ar\/sitio\/wp-json\/wp\/v2\/comments?post=32398"}],"version-history":[{"count":1,"href":"https:\/\/eldiariodesanpedro.com.ar\/sitio\/wp-json\/wp\/v2\/posts\/32398\/revisions"}],"predecessor-version":[{"id":32400,"href":"https:\/\/eldiariodesanpedro.com.ar\/sitio\/wp-json\/wp\/v2\/posts\/32398\/revisions\/32400"}],"wp:featuredmedia":[{"embeddable":true,"href":"https:\/\/eldiariodesanpedro.com.ar\/sitio\/wp-json\/wp\/v2\/media\/32399"}],"wp:attachment":[{"href":"https:\/\/eldiariodesanpedro.com.ar\/sitio\/wp-json\/wp\/v2\/media?parent=32398"}],"wp:term":[{"taxonomy":"category","embeddable":true,"href":"https:\/\/eldiariodesanpedro.com.ar\/sitio\/wp-json\/wp\/v2\/categories?post=32398"},{"taxonomy":"post_tag","embeddable":true,"href":"https:\/\/eldiariodesanpedro.com.ar\/sitio\/wp-json\/wp\/v2\/tags?post=32398"}],"curies":[{"name":"wp","href":"https:\/\/api.w.org\/{rel}","templated":true}]}}