{"id":32395,"date":"2018-04-27T17:26:38","date_gmt":"2018-04-27T20:26:38","guid":{"rendered":"https:\/\/eldiariodesanpedro.com.ar\/sitio\/?p=32395"},"modified":"2018-04-27T17:26:38","modified_gmt":"2018-04-27T20:26:38","slug":"turismo-abre-oficina-en-el-tiro-federal-y-se-habilitan-espacios-para-recreacion","status":"publish","type":"post","link":"https:\/\/eldiariodesanpedro.com.ar\/sitio\/turismo-abre-oficina-en-el-tiro-federal-y-se-habilitan-espacios-para-recreacion\/","title":{"rendered":"Turismo abre oficina en el Tiro Federal y se habilitan espacios para recreaci\u00f3n"},"content":{"rendered":"<p><!-- VideographyWP Plugin Message: Automatic video embedding prevented by plugin options. --><br \/>\nLa Direcci\u00f3n de Turismo de la Municipalidad de San Pedro informa que desde este fin de semana comenzar\u00e1 a funcionar una oficina de informaci\u00f3n tur\u00edstica en el predio del Tiro Federal para ampliar la capacidad de respuesta sobre la Avenida Costanera. Desde la recuperaci\u00f3n del predio al pie de la barranca, se ha comenzado a trabajar en diferentes proyectos que est\u00e1n siendo analizados. <\/p>\n<p>Mientras tanto, tambi\u00e9n para ahorrar los recursos que se destinaban al alquiler del edificio ubicado frente al Club de Pescadores, se ha dispuesto trasladar el punto de atenci\u00f3n a ese sitio, y comenzar con el desarrollo de otras ideas para que ofrecer las instalaciones a los sampedrinos y turistas. <\/p>\n<p>Desde este fin de semana tambi\u00e9n, se podr\u00e1 acceder al predio (en el que mantiene su base de operaciones la Unidad de Polic\u00eda de Prevenci\u00f3n local) para disfrutar del espacio verde y juegos infantiles. En el transcurso de los pr\u00f3ximos meses se habilitar\u00e1n otros servicios que cuenta el espacio mientras se definen iniciativas de mayor alcance para toda la infraestructura con la que cuenta el lugar. El horario de atenci\u00f3n ser\u00e1 desde est\u00e9 s\u00e1bado de 9 a 19 y mientras tanto contin\u00faan adem\u00e1s ofreciendo sus servicios la Casona de Mitre y Liniers y la oficina de Mitre y 1001. <\/p>\n","protected":false},"excerpt":{"rendered":"<p>La Direcci\u00f3n de Turismo de la Municipalidad de San Pedro informa que desde este fin de semana comenzar\u00e1 a funcionar una oficina de informaci\u00f3n tur\u00edstica en el predio del Tiro Federal para ampliar la capacidad de respuesta sobre la Avenida Costanera. Desde la recuperaci\u00f3n del predio al pie de la barranca, se ha comenzado a [&hellip;]<\/p>\n","protected":false},"author":4,"featured_media":32396,"comment_status":"open","ping_status":"closed","sticky":false,"template":"","format":"standard","meta":{"om_disable_all_campaigns":false,"_jetpack_memberships_contains_paid_content":false,"footnotes":""},"categories":[101,2],"tags":[],"class_list":["post-32395","post","type-post","status-publish","format-standard","has-post-thumbnail","hentry","category-interes-general-locales","category-locales"],"aioseo_notices":[],"gutentor_comment":0,"jetpack_featured_media_url":"https:\/\/eldiariodesanpedro.com.ar\/sitio\/wp-content\/uploads\/2018\/04\/TURISMO1.jpg","jetpack_shortlink":"https:\/\/wp.me\/p6RhLt-8qv","jetpack_sharing_enabled":true,"_links":{"self":[{"href":"https:\/\/eldiariodesanpedro.com.ar\/sitio\/wp-json\/wp\/v2\/posts\/32395","targetHints":{"allow":["GET"]}}],"collection":[{"href":"https:\/\/eldiariodesanpedro.com.ar\/sitio\/wp-json\/wp\/v2\/posts"}],"about":[{"href":"https:\/\/eldiariodesanpedro.com.ar\/sitio\/wp-json\/wp\/v2\/types\/post"}],"author":[{"embeddable":true,"href":"https:\/\/eldiariodesanpedro.com.ar\/sitio\/wp-json\/wp\/v2\/users\/4"}],"replies":[{"embeddable":true,"href":"https:\/\/eldiariodesanpedro.com.ar\/sitio\/wp-json\/wp\/v2\/comments?post=32395"}],"version-history":[{"count":1,"href":"https:\/\/eldiariodesanpedro.com.ar\/sitio\/wp-json\/wp\/v2\/posts\/32395\/revisions"}],"predecessor-version":[{"id":32397,"href":"https:\/\/eldiariodesanpedro.com.ar\/sitio\/wp-json\/wp\/v2\/posts\/32395\/revisions\/32397"}],"wp:featuredmedia":[{"embeddable":true,"href":"https:\/\/eldiariodesanpedro.com.ar\/sitio\/wp-json\/wp\/v2\/media\/32396"}],"wp:attachment":[{"href":"https:\/\/eldiariodesanpedro.com.ar\/sitio\/wp-json\/wp\/v2\/media?parent=32395"}],"wp:term":[{"taxonomy":"category","embeddable":true,"href":"https:\/\/eldiariodesanpedro.com.ar\/sitio\/wp-json\/wp\/v2\/categories?post=32395"},{"taxonomy":"post_tag","embeddable":true,"href":"https:\/\/eldiariodesanpedro.com.ar\/sitio\/wp-json\/wp\/v2\/tags?post=32395"}],"curies":[{"name":"wp","href":"https:\/\/api.w.org\/{rel}","templated":true}]}}