{"id":32382,"date":"2018-04-26T21:45:26","date_gmt":"2018-04-27T00:45:26","guid":{"rendered":"https:\/\/eldiariodesanpedro.com.ar\/sitio\/?p=32382"},"modified":"2018-04-26T21:45:26","modified_gmt":"2018-04-27T00:45:26","slug":"el-oficialismo-no-aprobo-el-proyecto-de-emergencia-tarifaria","status":"publish","type":"post","link":"https:\/\/eldiariodesanpedro.com.ar\/sitio\/el-oficialismo-no-aprobo-el-proyecto-de-emergencia-tarifaria\/","title":{"rendered":"El oficialismo no aprob\u00f3 el proyecto de emergencia tarifaria"},"content":{"rendered":"<p><!-- VideographyWP Plugin Message: Automatic video embedding prevented by plugin options. --><br \/>\n  Como estaba previsto, este jueves por la ma\u00f1ana se realiz\u00f3 la sesi\u00f3n del HCD donde se tratar\u00eda la \u00abemergencia tarifaria\u00bb con una intensa custodia policial para resguardar los bienes del Estado, ante la posibilidad de manifestaciones. <\/p>\n<p>  Sin embargo, m\u00e1s all\u00e1 de un intenso clima dial\u00e9ctico entre ediles y militantes que participaron a voz alzada, la situaci\u00f3n se desarroll\u00f3 intensamente, pero en paz.<\/p>\n<p>  Los concejales presentaron 4 proyectos. Los dos m\u00e1s importantes fueron el pedido de declaraci\u00f3n de Emergencia Tarifaria, presentado por el Frente para la Victoria y Unidad Ciudadana y; el segundo, presentado por el bloque de Cambiemos, para suspender por seis meses el cobro del FOPC que ser\u00e1 un 4% en cada factura de luz. <\/p>\n<p>  El tercer proyecto fue presentado por el Concejal Jos\u00e9 Luis Tirelli del Frente Renovador, quien propuso la quita de los impuestos a la factura del consumo de energ\u00eda y, por \u00faltimo; el concejal Dami\u00e1n Mosquera present\u00f3 uno m\u00e1s por el Partido Justicialista pidiendo tambi\u00e9n, la quita de impuestos.  <\/p>\n<p>  Los proyectos presentados por la oposici\u00f3n no fueron aprobados, en todos los casos gan\u00f3 el oficialismo 12 votos contra 6.<\/p>\n<p>  En el caso del proyecto presentado por Cambiemos, que propone suspender por seis meses el cobro de FOPC, fue votado por unanimidad por los 18 concejales. Durante la exposici\u00f3n del proyecto, la oposici\u00f3n afirm\u00f3 que, como cualquiera de los proyectos es un beneficio para el pueblo, obviamente, lo apoyar\u00edan. Demostrando de esta manera que, a pesar de las diferencias pol\u00edticas, el beneficio para el pueblo no est\u00e1 en juego.<\/p>\n<p>  Por el contrario, el Concejal Mart\u00edn Pando desde el bloque del oficialismo tom\u00f3 la palabra y, en una extensa presentaci\u00f3n, donde entre otras cosas hizo referencia al gobierno anterior y a la herencia recibida, desde un primer momento afirm\u00f3 que \u00abel bloque no votar\u00eda a favor de ning\u00fan otro proyecto que no fuese el de su partido\u00bb.  Esto marc\u00f3, desde el comienzo, el desinter\u00e9s en los otros proyectos. <\/p>\n<p>  Esta actitud provoc\u00f3 el abucheo de los vecinos presentes varias veces durante la sesi\u00f3n, Adem\u00e1s recibi\u00f3 agresiones verbales hacia su persona y hacia su partido.<\/p>\n<p>  Cuando el Concejal Eduardo Trelles por el Frente para la Victoria tom\u00f3 la palabra, defendi\u00f3 a su partido de las acusaciones realizadas por Pando y, tambi\u00e9n, explic\u00f3 y defendi\u00f3 los motivos para aprobar el proyecto de emergencia tarifaria.<\/p>\n<p>  Luego de m\u00e1s de dos horas de debate y acusaciones cruzadas, finalmente se realiz\u00f3 la votaci\u00f3n y se aprob\u00f3 un\u00e1nimemente el proyecto de Cambiemos.<\/p>\n<p>  Cabe aclarar que, tanto los ediles de la oposici\u00f3n como el p\u00fablico presente, estuvieron en completo desacuerdo con la presencia de los efectivos policiales que sitiaron el Palacio Municipal por temor disturbios, como sucedi\u00f3 en otros municipios. Inclusive un ex funcionario que se encontraba entre el p\u00fablico a viva voz, asegur\u00f3 que se encontraban dentro del recinto cuatro efectivos policiales vestidos de civil, por lo que sostuvo \u201cEsto no es democracia\u201d.<\/p>\n","protected":false},"excerpt":{"rendered":"<p>Como estaba previsto, este jueves por la ma\u00f1ana se realiz\u00f3 la sesi\u00f3n del HCD donde se tratar\u00eda la \u00abemergencia tarifaria\u00bb con una intensa custodia policial para resguardar los bienes del Estado, ante la posibilidad de manifestaciones. Sin embargo, m\u00e1s all\u00e1 de un intenso clima dial\u00e9ctico entre ediles y militantes que participaron a voz alzada, la [&hellip;]<\/p>\n","protected":false},"author":4,"featured_media":32383,"comment_status":"open","ping_status":"closed","sticky":false,"template":"","format":"standard","meta":{"om_disable_all_campaigns":false,"_jetpack_memberships_contains_paid_content":false,"footnotes":""},"categories":[50,2,102],"tags":[],"class_list":["post-32382","post","type-post","status-publish","format-standard","has-post-thumbnail","hentry","category-destacadas","category-locales","category-politica-locales"],"aioseo_notices":[],"gutentor_comment":0,"jetpack_featured_media_url":"https:\/\/eldiariodesanpedro.com.ar\/sitio\/wp-content\/uploads\/2018\/04\/La-sesi\u00f3n-en-el-HCD.jpeg","jetpack_shortlink":"https:\/\/wp.me\/p6RhLt-8qi","jetpack_sharing_enabled":true,"_links":{"self":[{"href":"https:\/\/eldiariodesanpedro.com.ar\/sitio\/wp-json\/wp\/v2\/posts\/32382","targetHints":{"allow":["GET"]}}],"collection":[{"href":"https:\/\/eldiariodesanpedro.com.ar\/sitio\/wp-json\/wp\/v2\/posts"}],"about":[{"href":"https:\/\/eldiariodesanpedro.com.ar\/sitio\/wp-json\/wp\/v2\/types\/post"}],"author":[{"embeddable":true,"href":"https:\/\/eldiariodesanpedro.com.ar\/sitio\/wp-json\/wp\/v2\/users\/4"}],"replies":[{"embeddable":true,"href":"https:\/\/eldiariodesanpedro.com.ar\/sitio\/wp-json\/wp\/v2\/comments?post=32382"}],"version-history":[{"count":1,"href":"https:\/\/eldiariodesanpedro.com.ar\/sitio\/wp-json\/wp\/v2\/posts\/32382\/revisions"}],"predecessor-version":[{"id":32384,"href":"https:\/\/eldiariodesanpedro.com.ar\/sitio\/wp-json\/wp\/v2\/posts\/32382\/revisions\/32384"}],"wp:featuredmedia":[{"embeddable":true,"href":"https:\/\/eldiariodesanpedro.com.ar\/sitio\/wp-json\/wp\/v2\/media\/32383"}],"wp:attachment":[{"href":"https:\/\/eldiariodesanpedro.com.ar\/sitio\/wp-json\/wp\/v2\/media?parent=32382"}],"wp:term":[{"taxonomy":"category","embeddable":true,"href":"https:\/\/eldiariodesanpedro.com.ar\/sitio\/wp-json\/wp\/v2\/categories?post=32382"},{"taxonomy":"post_tag","embeddable":true,"href":"https:\/\/eldiariodesanpedro.com.ar\/sitio\/wp-json\/wp\/v2\/tags?post=32382"}],"curies":[{"name":"wp","href":"https:\/\/api.w.org\/{rel}","templated":true}]}}