{"id":32369,"date":"2018-04-26T21:36:58","date_gmt":"2018-04-27T00:36:58","guid":{"rendered":"https:\/\/eldiariodesanpedro.com.ar\/sitio\/?p=32369"},"modified":"2018-04-26T21:36:58","modified_gmt":"2018-04-27T00:36:58","slug":"fernando-mafia-olmos-publico-un-video-reclamando-mayor-compromiso","status":"publish","type":"post","link":"https:\/\/eldiariodesanpedro.com.ar\/sitio\/fernando-mafia-olmos-publico-un-video-reclamando-mayor-compromiso\/","title":{"rendered":"Fernando \u00abMafia\u00bb Olmos public\u00f3 un video reclamando mayor compromiso"},"content":{"rendered":"<p><!-- VideographyWP Plugin Message: Automatic video embedding prevented by plugin options. --><br \/>\nEste jueves por la ma\u00f1ana, el \u00fanico y vital testigo del asesinato de Ariel Gomila ocurrido en la zona rural de nuestra ciudad y, quien es la \u00fanica persona que ubica en ese lugar a Ulises Fern\u00e1ndez, public\u00f3 un video donde arremete contra las autoridades por abandono y pide ayuda y un mayor compromiso.<\/p>\n<p>  En el video, Fernando \u00abMafia\u00bb Olmos asegura que se encuentra vigilado y controlado por veh\u00edculos extra\u00f1os. Refiere recibir amenazas de muerte constantes y asegura que no llegar\u00eda a declarar en el Juicio. Teme por su vida.<br \/>\n  Adem\u00e1s, se lo ve con un arma de fuego diciendo: \u201cYo no s\u00e9 si voy a llegar al Juicio, me voy a pegar un tiro en la cabeza, no aguanto m\u00e1s esta vida que estoy llevando. Yo me voy a matar, lo voy a hacer\u201d.<\/p>\n<p>  La aparici\u00f3n de este video hecho p\u00fablico, oblig\u00f3 a la Justicia a intervenir y, por orden del Fiscal Dr. Marcelo Manso se lo cit\u00f3 a declarar.  En su declaraci\u00f3n, nuevamente, alert\u00f3 a las autoridades diciendo que los efectivos de Prefectura que cuidan su domicilio no lo hacen responsablemente.<\/p>\n<p>  Asimismo, el jueves por la tarde el Fiscal orden\u00f3 un allanamiento a cargo de Prefectura en el domicilio del testigo, en busca del arma con la que aparece en el video. En dicho procedimiento no pudieron encontrar el arma. <\/p>\n","protected":false},"excerpt":{"rendered":"<p>Este jueves por la ma\u00f1ana, el \u00fanico y vital testigo del asesinato de Ariel Gomila ocurrido en la zona rural de nuestra ciudad y, quien es la \u00fanica persona que ubica en ese lugar a Ulises Fern\u00e1ndez, public\u00f3 un video donde arremete contra las autoridades por abandono y pide ayuda y un mayor compromiso. En [&hellip;]<\/p>\n","protected":false},"author":4,"featured_media":32371,"comment_status":"open","ping_status":"closed","sticky":false,"template":"","format":"standard","meta":{"om_disable_all_campaigns":false,"_jetpack_memberships_contains_paid_content":false,"footnotes":""},"categories":[2,103],"tags":[],"class_list":["post-32369","post","type-post","status-publish","format-standard","has-post-thumbnail","hentry","category-locales","category-policiales-locales"],"aioseo_notices":[],"gutentor_comment":0,"jetpack_featured_media_url":"https:\/\/eldiariodesanpedro.com.ar\/sitio\/wp-content\/uploads\/2018\/04\/Fernando-Olmos.jpg","jetpack_shortlink":"https:\/\/wp.me\/p6RhLt-8q5","jetpack_sharing_enabled":true,"_links":{"self":[{"href":"https:\/\/eldiariodesanpedro.com.ar\/sitio\/wp-json\/wp\/v2\/posts\/32369","targetHints":{"allow":["GET"]}}],"collection":[{"href":"https:\/\/eldiariodesanpedro.com.ar\/sitio\/wp-json\/wp\/v2\/posts"}],"about":[{"href":"https:\/\/eldiariodesanpedro.com.ar\/sitio\/wp-json\/wp\/v2\/types\/post"}],"author":[{"embeddable":true,"href":"https:\/\/eldiariodesanpedro.com.ar\/sitio\/wp-json\/wp\/v2\/users\/4"}],"replies":[{"embeddable":true,"href":"https:\/\/eldiariodesanpedro.com.ar\/sitio\/wp-json\/wp\/v2\/comments?post=32369"}],"version-history":[{"count":1,"href":"https:\/\/eldiariodesanpedro.com.ar\/sitio\/wp-json\/wp\/v2\/posts\/32369\/revisions"}],"predecessor-version":[{"id":32374,"href":"https:\/\/eldiariodesanpedro.com.ar\/sitio\/wp-json\/wp\/v2\/posts\/32369\/revisions\/32374"}],"wp:featuredmedia":[{"embeddable":true,"href":"https:\/\/eldiariodesanpedro.com.ar\/sitio\/wp-json\/wp\/v2\/media\/32371"}],"wp:attachment":[{"href":"https:\/\/eldiariodesanpedro.com.ar\/sitio\/wp-json\/wp\/v2\/media?parent=32369"}],"wp:term":[{"taxonomy":"category","embeddable":true,"href":"https:\/\/eldiariodesanpedro.com.ar\/sitio\/wp-json\/wp\/v2\/categories?post=32369"},{"taxonomy":"post_tag","embeddable":true,"href":"https:\/\/eldiariodesanpedro.com.ar\/sitio\/wp-json\/wp\/v2\/tags?post=32369"}],"curies":[{"name":"wp","href":"https:\/\/api.w.org\/{rel}","templated":true}]}}