{"id":32358,"date":"2018-04-26T20:01:48","date_gmt":"2018-04-26T23:01:48","guid":{"rendered":"https:\/\/eldiariodesanpedro.com.ar\/sitio\/?p=32358"},"modified":"2018-04-26T20:01:48","modified_gmt":"2018-04-26T23:01:48","slug":"san-nicolas-en-zona-norte-un-joven-recibio-un-disparo-en-el-ojo-izquierdo","status":"publish","type":"post","link":"https:\/\/eldiariodesanpedro.com.ar\/sitio\/san-nicolas-en-zona-norte-un-joven-recibio-un-disparo-en-el-ojo-izquierdo\/","title":{"rendered":"SAN NICOL\u00c1S: En zona Norte, un joven recibi\u00f3 un disparo en el ojo izquierdo"},"content":{"rendered":"<p><!-- VideographyWP Plugin Message: Automatic video embedding prevented by plugin options. --><br \/>\n  En horas de la noche del mi\u00e9rcoles ingres\u00f3 a la Guardia del Hospital San Felipe un joven de 20 a\u00f1os quien presentaba una herida de arma de fuego en la regi\u00f3n ocular izquierda, sin orificio de salida.<\/p>\n<p>  Se trata de Guillermo D\u00edaz, quien manifest\u00f3 que padece problemas de vieja data con dos personas apodadas \u201cBerenjena\u201d y \u201cChin\u201d Huerta. Aduciendo que uno de ellos fue quien le dispar\u00f3.<br \/>\n  Ingres\u00f3 l\u00facido y en aparente buen estado.<\/p>\n<p>  Paralelamente personal policial proced\u00eda a avanzar en la investigaci\u00f3n para concretar los pertinentes allanamientos en la zona de Barrio Moreno donde se habr\u00edan producido los incidentes.<\/p>\n<p>Fuente: Diario El Informante<\/p>\n","protected":false},"excerpt":{"rendered":"<p>En horas de la noche del mi\u00e9rcoles ingres\u00f3 a la Guardia del Hospital San Felipe un joven de 20 a\u00f1os quien presentaba una herida de arma de fuego en la regi\u00f3n ocular izquierda, sin orificio de salida. Se trata de Guillermo D\u00edaz, quien manifest\u00f3 que padece problemas de vieja data con dos personas apodadas \u201cBerenjena\u201d [&hellip;]<\/p>\n","protected":false},"author":4,"featured_media":24971,"comment_status":"open","ping_status":"closed","sticky":false,"template":"","format":"standard","meta":{"om_disable_all_campaigns":false,"_jetpack_memberships_contains_paid_content":false,"footnotes":""},"categories":[621],"tags":[],"class_list":["post-32358","post","type-post","status-publish","format-standard","has-post-thumbnail","hentry","category-regionales"],"aioseo_notices":[],"gutentor_comment":0,"jetpack_featured_media_url":"https:\/\/eldiariodesanpedro.com.ar\/sitio\/wp-content\/uploads\/2017\/10\/elnorte59efa6d065b43_hospital-san-felipe.jpg","jetpack_shortlink":"https:\/\/wp.me\/p6RhLt-8pU","jetpack_sharing_enabled":true,"_links":{"self":[{"href":"https:\/\/eldiariodesanpedro.com.ar\/sitio\/wp-json\/wp\/v2\/posts\/32358","targetHints":{"allow":["GET"]}}],"collection":[{"href":"https:\/\/eldiariodesanpedro.com.ar\/sitio\/wp-json\/wp\/v2\/posts"}],"about":[{"href":"https:\/\/eldiariodesanpedro.com.ar\/sitio\/wp-json\/wp\/v2\/types\/post"}],"author":[{"embeddable":true,"href":"https:\/\/eldiariodesanpedro.com.ar\/sitio\/wp-json\/wp\/v2\/users\/4"}],"replies":[{"embeddable":true,"href":"https:\/\/eldiariodesanpedro.com.ar\/sitio\/wp-json\/wp\/v2\/comments?post=32358"}],"version-history":[{"count":2,"href":"https:\/\/eldiariodesanpedro.com.ar\/sitio\/wp-json\/wp\/v2\/posts\/32358\/revisions"}],"predecessor-version":[{"id":32362,"href":"https:\/\/eldiariodesanpedro.com.ar\/sitio\/wp-json\/wp\/v2\/posts\/32358\/revisions\/32362"}],"wp:featuredmedia":[{"embeddable":true,"href":"https:\/\/eldiariodesanpedro.com.ar\/sitio\/wp-json\/wp\/v2\/media\/24971"}],"wp:attachment":[{"href":"https:\/\/eldiariodesanpedro.com.ar\/sitio\/wp-json\/wp\/v2\/media?parent=32358"}],"wp:term":[{"taxonomy":"category","embeddable":true,"href":"https:\/\/eldiariodesanpedro.com.ar\/sitio\/wp-json\/wp\/v2\/categories?post=32358"},{"taxonomy":"post_tag","embeddable":true,"href":"https:\/\/eldiariodesanpedro.com.ar\/sitio\/wp-json\/wp\/v2\/tags?post=32358"}],"curies":[{"name":"wp","href":"https:\/\/api.w.org\/{rel}","templated":true}]}}