{"id":32352,"date":"2018-04-26T19:57:52","date_gmt":"2018-04-26T22:57:52","guid":{"rendered":"https:\/\/eldiariodesanpedro.com.ar\/sitio\/?p=32352"},"modified":"2018-04-26T19:57:52","modified_gmt":"2018-04-26T22:57:52","slug":"baradero-chocaron-dos-de-los-moviles-policiales-nuevos-cuando-los-traian-a-la-localidad","status":"publish","type":"post","link":"https:\/\/eldiariodesanpedro.com.ar\/sitio\/baradero-chocaron-dos-de-los-moviles-policiales-nuevos-cuando-los-traian-a-la-localidad\/","title":{"rendered":"BARADERO: Chocaron dos de los m\u00f3viles policiales nuevos cuando los tra\u00edan a la localidad"},"content":{"rendered":"<p><!-- VideographyWP Plugin Message: Automatic video embedding prevented by plugin options. --><br \/>\nLos cuatro m\u00f3viles llegaban como parte de la respuesta a una demanda de la comunidad e iban a permitir ampliar la operatividad de la Polic\u00eda. Dos de ellos chocaron cuando eran tra\u00eddos a la localidad.<\/p>\n<p>  En un hecho que se est\u00e1 investigando, anoche en el cruce de Ruta 9 y 6, dos de las cuatro unidades colisionaron entre s\u00ed.<\/p>\n<p>  Sufrieron serios destrozos, afortunadamente sin dejar v\u00edctimas.<\/p>\n<p>  \u201cSe est\u00e1n iniciando las actuaciones, pero esto nos llena de preocupaci\u00f3n y he pasado por todos los estados de \u00e1nimo desde anoche; incluso sin dormir\u201d, explic\u00f3 el Comisario Inspector Diego Mart\u00ednez en di\u00e1logo con Tu Radio.<\/p>\n<p>Fuente: Tu L\u00ednea Directa<\/p>\n","protected":false},"excerpt":{"rendered":"<p>Los cuatro m\u00f3viles llegaban como parte de la respuesta a una demanda de la comunidad e iban a permitir ampliar la operatividad de la Polic\u00eda. Dos de ellos chocaron cuando eran tra\u00eddos a la localidad. En un hecho que se est\u00e1 investigando, anoche en el cruce de Ruta 9 y 6, dos de las cuatro [&hellip;]<\/p>\n","protected":false},"author":4,"featured_media":32354,"comment_status":"open","ping_status":"closed","sticky":false,"template":"","format":"standard","meta":{"om_disable_all_campaigns":false,"_jetpack_memberships_contains_paid_content":false,"footnotes":""},"categories":[621],"tags":[],"class_list":["post-32352","post","type-post","status-publish","format-standard","has-post-thumbnail","hentry","category-regionales"],"aioseo_notices":[],"gutentor_comment":0,"jetpack_featured_media_url":"https:\/\/eldiariodesanpedro.com.ar\/sitio\/wp-content\/uploads\/2018\/04\/baradero-Dos-m\u00f3viles-nuevos-chocados.jpg","jetpack_shortlink":"https:\/\/wp.me\/p6RhLt-8pO","jetpack_sharing_enabled":true,"_links":{"self":[{"href":"https:\/\/eldiariodesanpedro.com.ar\/sitio\/wp-json\/wp\/v2\/posts\/32352","targetHints":{"allow":["GET"]}}],"collection":[{"href":"https:\/\/eldiariodesanpedro.com.ar\/sitio\/wp-json\/wp\/v2\/posts"}],"about":[{"href":"https:\/\/eldiariodesanpedro.com.ar\/sitio\/wp-json\/wp\/v2\/types\/post"}],"author":[{"embeddable":true,"href":"https:\/\/eldiariodesanpedro.com.ar\/sitio\/wp-json\/wp\/v2\/users\/4"}],"replies":[{"embeddable":true,"href":"https:\/\/eldiariodesanpedro.com.ar\/sitio\/wp-json\/wp\/v2\/comments?post=32352"}],"version-history":[{"count":1,"href":"https:\/\/eldiariodesanpedro.com.ar\/sitio\/wp-json\/wp\/v2\/posts\/32352\/revisions"}],"predecessor-version":[{"id":32356,"href":"https:\/\/eldiariodesanpedro.com.ar\/sitio\/wp-json\/wp\/v2\/posts\/32352\/revisions\/32356"}],"wp:featuredmedia":[{"embeddable":true,"href":"https:\/\/eldiariodesanpedro.com.ar\/sitio\/wp-json\/wp\/v2\/media\/32354"}],"wp:attachment":[{"href":"https:\/\/eldiariodesanpedro.com.ar\/sitio\/wp-json\/wp\/v2\/media?parent=32352"}],"wp:term":[{"taxonomy":"category","embeddable":true,"href":"https:\/\/eldiariodesanpedro.com.ar\/sitio\/wp-json\/wp\/v2\/categories?post=32352"},{"taxonomy":"post_tag","embeddable":true,"href":"https:\/\/eldiariodesanpedro.com.ar\/sitio\/wp-json\/wp\/v2\/tags?post=32352"}],"curies":[{"name":"wp","href":"https:\/\/api.w.org\/{rel}","templated":true}]}}