{"id":32350,"date":"2018-04-26T19:57:08","date_gmt":"2018-04-26T22:57:08","guid":{"rendered":"https:\/\/eldiariodesanpedro.com.ar\/sitio\/?p=32350"},"modified":"2018-04-26T19:57:08","modified_gmt":"2018-04-26T22:57:08","slug":"baradero-paro-por-tiempo-indeterminado-de-trabajadores-municipales","status":"publish","type":"post","link":"https:\/\/eldiariodesanpedro.com.ar\/sitio\/baradero-paro-por-tiempo-indeterminado-de-trabajadores-municipales\/","title":{"rendered":"BARADERO: Paro por tiempo indeterminado de trabajadores municipales"},"content":{"rendered":"<p><!-- VideographyWP Plugin Message: Automatic video embedding prevented by plugin options. --><br \/>\nLa asamblea fue este jueves por la ma\u00f1ana en las escalinatas del Palacio Municipal. All\u00ed se decidi\u00f3 que el paro que lleva dos d\u00edas seguidos contin\u00fae por tiempo indeterminado. Miguel Mosi dijo en Tu Radio \u201cel que garantiza el conflicto es el Ejecutivo\u201d. <\/p>\n<p>  Mosi explic\u00f3 que en la reuni\u00f3n que mantuvieron con la Intendente Fernanda Antonijevic este mi\u00e9rcoles por la tarde \u201cno hubo ning\u00fan tipo de propuesta, por el contrario, ella dice que no tiene m\u00e1s plata, que ya lleg\u00f3 al fondo de todo y que no tiene m\u00e1s como para ofrecernos. Nosotros aportamos ideas, pero la verdad que cuando es tema plata est\u00e1 cerrada completamente la negociaci\u00f3n. Igualmente vamos a seguir discutiendo, conversando y ver la forma\u201d. Es decir, que esperan poder dar por terminado el paro cuando se realice desde el gobierno comunal una oferta salarial superadora a las dos anteriores.<\/p>\n<p>  Adem\u00e1s, cont\u00f3 que la Intendente solicit\u00f3 que cesen las medidas de fuerza durante sus vacaciones y que ese cese quede registrado ante el Ministerio de Trabajo. As\u00ed lo explic\u00f3 el Secretario General de ATE:<\/p>\n<p>  \u201cElla est\u00e1 pidiendo un comp\u00e1s de espera, cuando es de conocimiento p\u00fablico que ella esta semana se va de vacaciones, para que no se tome ning\u00fan tipo de medida. Llama a Secretar\u00eda de Trabajo para constatar el paro y que se d\u00e9 de com\u00fan acuerdo una semana de tiempo. Nosotros lo que no tenemos hoy es tiempo, la gente necesita una diferencia salarial. Estamos a fin de abril y no tenemos nada\u201d.<\/p>\n<p>  El Secretario General de ATE dijo que la mandataria \u201cquiere reabrir negociaciones en la Secretar\u00eda de Trabajo y as\u00ed, estar\u00edamos comenzando nuevamente las paritarias cuando ya tenemos dos ofrecimientos que fueron rechazados y la gente movilizada tomando medidas de fuerza. Ac\u00e1 hay que poner una soluci\u00f3n, no tirar la pelota para adelante\u201d. A su vez, explic\u00f3 que \u201cla Secretar\u00eda por oficio, como lo han hecho otras veces, puede solicitar la conciliaci\u00f3n obligatoria\u201d.<\/p>\n<p>  Respecto de c\u00f3mo consideran los trabajadores municipales que la sociedad percibe este paro indeterminado, Mosi, remarc\u00f3:<\/p>\n<p>  \u201cSeguramente que la comunidad lo va a ver mal como lo vemos todos. Ac\u00e1 nadie est\u00e1 viendo estas cosas bien, pero ac\u00e1 el que garantiza el conflicto es el Ejecutivo, no los trabajadores. Los trabajadores fueron a pedir un aumento digno\u201d.<\/p>\n<p>  Mosi afirm\u00f3 que entiende los conflictos financieros que atraviesa la sociedad y al respecto plante\u00f3 \u201csi no le bajan dinero de Provincia, tendr\u00e1n que ir a discutir a Provincia. Nosotros no podemos hacer ese tr\u00e1mite. Nosotros lo que tenemos es la herramienta del conflicto. Es m\u00e1s, hasta le puede servir a la Municipalidad porque puede mostrar el conflicto ante la gobernaci\u00f3n\u201d.<\/p>\n<p>  \u201cEstamos amortizando el d\u00e9ficit del Estado con el sueldo de los trabajadores, seguimos con esa l\u00f3gica \u00bfC\u00f3mo pagan semejante sueldo a los pol\u00edticos? \u00bfA qui\u00e9n consultan? Hay una l\u00f3gica que no es l\u00f3gica, es il\u00f3gica porque ped\u00eds que el trabajador gane sueldos de hambre, por debajo de la l\u00ednea de pobreza y ellos se pagan sueldos de 40, 60, 80, ciento y pico mil pesos. La Gobernadora se dice que est\u00e1 en seiscientos y pico. Es una cargada\u201d.<\/p>\n<p>  El representante de los trabajadores municipales opin\u00f3 que desde el Ejecutivo Local \u201cquieren estirar el conflicto, que se estrangule todo para despu\u00e9s poner la conciliaci\u00f3n obligatoria. Todo eso lleva tiempo y lo que no tienen los trabajadores y ala trabajadoras es tiempo\u201d.<\/p>\n<p>  Hacia el cierre de la entrevista, Mosi solicit\u00f3 hacer un pedido de disculpas dirigido a los vecinos de Baradero y una aclaraci\u00f3n respecto de la oferta del gobierno local:<\/p>\n<p>  \u201cLe pedimos disculpas a la sociedad, no es nuestra intenci\u00f3n hoy no recolectar los residuos, no salir a hacer un zanjeo, lo que queremos es resolver esto lo m\u00e1s r\u00e1pido posible. Nosotros estamos en un leg\u00edtimo reclamo y tambi\u00e9n entendemos al municipio que tiene serios problemas en sus finanzas, hay que entender esas dos cosas\u201d.<\/p>\n<p>  Mosi aclar\u00f3 que la decisi\u00f3n de la asamblea de este jueves ser\u00e1 notificada como todas las decisiones que se han tomado en el conflicto. Hasta el momento, la modalidad que tomar\u00e1 este paro indeterminado es igual a la que se ven\u00eda sosteniendo hasta el momento. Paro activo con asambleas. <\/p>\n<p>Fuente: Tu L\u00ednea Directa<\/p>\n","protected":false},"excerpt":{"rendered":"<p>La asamblea fue este jueves por la ma\u00f1ana en las escalinatas del Palacio Municipal. All\u00ed se decidi\u00f3 que el paro que lleva dos d\u00edas seguidos contin\u00fae por tiempo indeterminado. Miguel Mosi dijo en Tu Radio \u201cel que garantiza el conflicto es el Ejecutivo\u201d. Mosi explic\u00f3 que en la reuni\u00f3n que mantuvieron con la Intendente Fernanda [&hellip;]<\/p>\n","protected":false},"author":4,"featured_media":32351,"comment_status":"open","ping_status":"closed","sticky":false,"template":"","format":"standard","meta":{"om_disable_all_campaigns":false,"_jetpack_memberships_contains_paid_content":false,"footnotes":""},"categories":[621],"tags":[],"class_list":["post-32350","post","type-post","status-publish","format-standard","has-post-thumbnail","hentry","category-regionales"],"aioseo_notices":[],"gutentor_comment":0,"jetpack_featured_media_url":"https:\/\/eldiariodesanpedro.com.ar\/sitio\/wp-content\/uploads\/2018\/04\/baradero-Manifestaci\u00f3n-frente-al-Municipio.jpg","jetpack_shortlink":"https:\/\/wp.me\/p6RhLt-8pM","jetpack_sharing_enabled":true,"_links":{"self":[{"href":"https:\/\/eldiariodesanpedro.com.ar\/sitio\/wp-json\/wp\/v2\/posts\/32350","targetHints":{"allow":["GET"]}}],"collection":[{"href":"https:\/\/eldiariodesanpedro.com.ar\/sitio\/wp-json\/wp\/v2\/posts"}],"about":[{"href":"https:\/\/eldiariodesanpedro.com.ar\/sitio\/wp-json\/wp\/v2\/types\/post"}],"author":[{"embeddable":true,"href":"https:\/\/eldiariodesanpedro.com.ar\/sitio\/wp-json\/wp\/v2\/users\/4"}],"replies":[{"embeddable":true,"href":"https:\/\/eldiariodesanpedro.com.ar\/sitio\/wp-json\/wp\/v2\/comments?post=32350"}],"version-history":[{"count":1,"href":"https:\/\/eldiariodesanpedro.com.ar\/sitio\/wp-json\/wp\/v2\/posts\/32350\/revisions"}],"predecessor-version":[{"id":32353,"href":"https:\/\/eldiariodesanpedro.com.ar\/sitio\/wp-json\/wp\/v2\/posts\/32350\/revisions\/32353"}],"wp:featuredmedia":[{"embeddable":true,"href":"https:\/\/eldiariodesanpedro.com.ar\/sitio\/wp-json\/wp\/v2\/media\/32351"}],"wp:attachment":[{"href":"https:\/\/eldiariodesanpedro.com.ar\/sitio\/wp-json\/wp\/v2\/media?parent=32350"}],"wp:term":[{"taxonomy":"category","embeddable":true,"href":"https:\/\/eldiariodesanpedro.com.ar\/sitio\/wp-json\/wp\/v2\/categories?post=32350"},{"taxonomy":"post_tag","embeddable":true,"href":"https:\/\/eldiariodesanpedro.com.ar\/sitio\/wp-json\/wp\/v2\/tags?post=32350"}],"curies":[{"name":"wp","href":"https:\/\/api.w.org\/{rel}","templated":true}]}}