{"id":32343,"date":"2018-04-26T19:51:58","date_gmt":"2018-04-26T22:51:58","guid":{"rendered":"https:\/\/eldiariodesanpedro.com.ar\/sitio\/?p=32343"},"modified":"2018-04-26T19:51:58","modified_gmt":"2018-04-26T22:51:58","slug":"el-intendente-visito-la-apertura-de-los-cursos-de-oficio-en-las-aulas-moviles","status":"publish","type":"post","link":"https:\/\/eldiariodesanpedro.com.ar\/sitio\/el-intendente-visito-la-apertura-de-los-cursos-de-oficio-en-las-aulas-moviles\/","title":{"rendered":"El intendente visit\u00f3 la apertura de los cursos de oficio en las aulas m\u00f3viles"},"content":{"rendered":"<p><!-- VideographyWP Plugin Message: Automatic video embedding prevented by plugin options. --><br \/>\n  Este mi\u00e9rcoles por la tarde, el Intendente Municipal recorri\u00f3 en Gobernador Castro el Aula Taller que comenz\u00f3 a dictar su primer curso para vecinos de la localidad. La unidad arrib\u00f3 hace un par de semanas y con dos turnos, lunes mi\u00e9rcoles y viernes, se est\u00e1 capacitando en la especialidad Montador Electricista.<\/p>\n<p>  Participaron del recorrido junto al Intendente el Delegado de Gobernador Castro \u00c1ngel \u00c1lvarez, al Coordinador Policial Juan Carlos Ag\u00fcero y los concejales Juan Pablo Ruozzi y Dami\u00e1n Lafalce, coincidiendo con el dictado de clases de uno de los turnos de esta semana.<\/p>\n<p>  Desde la coordinaci\u00f3n de estas aulas y con el apoyo de la Municipalidad se realizan las gestiones para seguir sumando otras especialidades que tambi\u00e9n son dictadas con capacidad para 10 personas por turno. <\/p>\n<p>  Como ya se ha detallado, la recorrida de estos m\u00f3viles por el interior son coordinadas desde el Ministerio de Educaci\u00f3n a trav\u00e9s del Instituto Nacional de Educaci\u00f3n Tecnol\u00f3gica (INET).<\/p>\n","protected":false},"excerpt":{"rendered":"<p>Este mi\u00e9rcoles por la tarde, el Intendente Municipal recorri\u00f3 en Gobernador Castro el Aula Taller que comenz\u00f3 a dictar su primer curso para vecinos de la localidad. La unidad arrib\u00f3 hace un par de semanas y con dos turnos, lunes mi\u00e9rcoles y viernes, se est\u00e1 capacitando en la especialidad Montador Electricista. Participaron del recorrido junto [&hellip;]<\/p>\n","protected":false},"author":4,"featured_media":32346,"comment_status":"open","ping_status":"closed","sticky":false,"template":"","format":"standard","meta":{"om_disable_all_campaigns":false,"_jetpack_memberships_contains_paid_content":false,"footnotes":""},"categories":[2,102],"tags":[],"class_list":["post-32343","post","type-post","status-publish","format-standard","has-post-thumbnail","hentry","category-locales","category-politica-locales"],"aioseo_notices":[],"gutentor_comment":0,"jetpack_featured_media_url":"https:\/\/eldiariodesanpedro.com.ar\/sitio\/wp-content\/uploads\/2018\/04\/El-intendente-visit\u00f3-la-apertura-de-los-cursos-de-oficio-en-las-aulas-m\u00f3viles.jpg","jetpack_shortlink":"https:\/\/wp.me\/p6RhLt-8pF","jetpack_sharing_enabled":true,"_links":{"self":[{"href":"https:\/\/eldiariodesanpedro.com.ar\/sitio\/wp-json\/wp\/v2\/posts\/32343","targetHints":{"allow":["GET"]}}],"collection":[{"href":"https:\/\/eldiariodesanpedro.com.ar\/sitio\/wp-json\/wp\/v2\/posts"}],"about":[{"href":"https:\/\/eldiariodesanpedro.com.ar\/sitio\/wp-json\/wp\/v2\/types\/post"}],"author":[{"embeddable":true,"href":"https:\/\/eldiariodesanpedro.com.ar\/sitio\/wp-json\/wp\/v2\/users\/4"}],"replies":[{"embeddable":true,"href":"https:\/\/eldiariodesanpedro.com.ar\/sitio\/wp-json\/wp\/v2\/comments?post=32343"}],"version-history":[{"count":1,"href":"https:\/\/eldiariodesanpedro.com.ar\/sitio\/wp-json\/wp\/v2\/posts\/32343\/revisions"}],"predecessor-version":[{"id":32347,"href":"https:\/\/eldiariodesanpedro.com.ar\/sitio\/wp-json\/wp\/v2\/posts\/32343\/revisions\/32347"}],"wp:featuredmedia":[{"embeddable":true,"href":"https:\/\/eldiariodesanpedro.com.ar\/sitio\/wp-json\/wp\/v2\/media\/32346"}],"wp:attachment":[{"href":"https:\/\/eldiariodesanpedro.com.ar\/sitio\/wp-json\/wp\/v2\/media?parent=32343"}],"wp:term":[{"taxonomy":"category","embeddable":true,"href":"https:\/\/eldiariodesanpedro.com.ar\/sitio\/wp-json\/wp\/v2\/categories?post=32343"},{"taxonomy":"post_tag","embeddable":true,"href":"https:\/\/eldiariodesanpedro.com.ar\/sitio\/wp-json\/wp\/v2\/tags?post=32343"}],"curies":[{"name":"wp","href":"https:\/\/api.w.org\/{rel}","templated":true}]}}