{"id":32337,"date":"2018-04-26T19:47:13","date_gmt":"2018-04-26T22:47:13","guid":{"rendered":"https:\/\/eldiariodesanpedro.com.ar\/sitio\/?p=32337"},"modified":"2018-04-26T19:47:13","modified_gmt":"2018-04-26T22:47:13","slug":"nueve-anos-de-prision-para-el-ex-policia-daniel-lineros","status":"publish","type":"post","link":"https:\/\/eldiariodesanpedro.com.ar\/sitio\/nueve-anos-de-prision-para-el-ex-policia-daniel-lineros\/","title":{"rendered":"Nueve a\u00f1os de prisi\u00f3n para el ex polic\u00eda Daniel Lineros"},"content":{"rendered":"<p><!-- VideographyWP Plugin Message: Automatic video embedding prevented by plugin options. --><br \/>\nEstaba acusado de ser parte de una banda que asalt\u00f3 un comercio en la Ruta 9, en jurisdicci\u00f3n de Ramallo. Ahora deber\u00e1 purgar una dura sanci\u00f3n.  <\/p>\n<p>  Sobre el mediod\u00eda del lunes se conoci\u00f3 la condena que la justicia le aplic\u00f3 al ex sargento de la Comisar\u00eda de San Pedro, Daniel Lineros, quien por la decisi\u00f3n de los jueces deber\u00e1 cumplir una pena de 9 a\u00f1os de prisi\u00f3n efectiva.<br \/>\n  El juicio se llev\u00f3 a cabo en el Tribunal Criminal N\u00b0 1 de San Nicol\u00e1s, y a Lineros se lo hall\u00f3 responsable del delito de robo calificado agravado por su condici\u00f3n de funcionario p\u00fablico.<\/p>\n<p>  El ex polic\u00eda estaba acusado de integrar una banda armada que asalt\u00f3 y rob\u00f3 un negocio ubicado sobre el kil\u00f3metro 191 de la Ruta 9 en jurisdicci\u00f3n de Ramallo. Sucedi\u00f3 el 29 de mayo de 2015 cuando un grupo de entre tres o cuatro personas armadas, asalt\u00f3 el lugar. Se llevaron pertenencias, dinero en efectivo y escaparon a bordo de una camioneta Eco Sport de color negra. Lineros fue reconocido a trav\u00e9s de las im\u00e1genes reportadas por las c\u00e1maras de seguridad que hab\u00eda en el lugar. <\/p>\n<p>Fuente: San Pedro Informa<\/p>\n","protected":false},"excerpt":{"rendered":"<p>Estaba acusado de ser parte de una banda que asalt\u00f3 un comercio en la Ruta 9, en jurisdicci\u00f3n de Ramallo. Ahora deber\u00e1 purgar una dura sanci\u00f3n. Sobre el mediod\u00eda del lunes se conoci\u00f3 la condena que la justicia le aplic\u00f3 al ex sargento de la Comisar\u00eda de San Pedro, Daniel Lineros, quien por la decisi\u00f3n [&hellip;]<\/p>\n","protected":false},"author":4,"featured_media":32338,"comment_status":"open","ping_status":"closed","sticky":false,"template":"","format":"standard","meta":{"om_disable_all_campaigns":false,"_jetpack_memberships_contains_paid_content":false,"footnotes":""},"categories":[2,103],"tags":[],"class_list":["post-32337","post","type-post","status-publish","format-standard","has-post-thumbnail","hentry","category-locales","category-policiales-locales"],"aioseo_notices":[],"gutentor_comment":0,"jetpack_featured_media_url":"https:\/\/eldiariodesanpedro.com.ar\/sitio\/wp-content\/uploads\/2018\/04\/Daniel-Lineros.jpg","jetpack_shortlink":"https:\/\/wp.me\/p6RhLt-8pz","jetpack_sharing_enabled":true,"_links":{"self":[{"href":"https:\/\/eldiariodesanpedro.com.ar\/sitio\/wp-json\/wp\/v2\/posts\/32337","targetHints":{"allow":["GET"]}}],"collection":[{"href":"https:\/\/eldiariodesanpedro.com.ar\/sitio\/wp-json\/wp\/v2\/posts"}],"about":[{"href":"https:\/\/eldiariodesanpedro.com.ar\/sitio\/wp-json\/wp\/v2\/types\/post"}],"author":[{"embeddable":true,"href":"https:\/\/eldiariodesanpedro.com.ar\/sitio\/wp-json\/wp\/v2\/users\/4"}],"replies":[{"embeddable":true,"href":"https:\/\/eldiariodesanpedro.com.ar\/sitio\/wp-json\/wp\/v2\/comments?post=32337"}],"version-history":[{"count":1,"href":"https:\/\/eldiariodesanpedro.com.ar\/sitio\/wp-json\/wp\/v2\/posts\/32337\/revisions"}],"predecessor-version":[{"id":32340,"href":"https:\/\/eldiariodesanpedro.com.ar\/sitio\/wp-json\/wp\/v2\/posts\/32337\/revisions\/32340"}],"wp:featuredmedia":[{"embeddable":true,"href":"https:\/\/eldiariodesanpedro.com.ar\/sitio\/wp-json\/wp\/v2\/media\/32338"}],"wp:attachment":[{"href":"https:\/\/eldiariodesanpedro.com.ar\/sitio\/wp-json\/wp\/v2\/media?parent=32337"}],"wp:term":[{"taxonomy":"category","embeddable":true,"href":"https:\/\/eldiariodesanpedro.com.ar\/sitio\/wp-json\/wp\/v2\/categories?post=32337"},{"taxonomy":"post_tag","embeddable":true,"href":"https:\/\/eldiariodesanpedro.com.ar\/sitio\/wp-json\/wp\/v2\/tags?post=32337"}],"curies":[{"name":"wp","href":"https:\/\/api.w.org\/{rel}","templated":true}]}}