{"id":32334,"date":"2018-04-26T16:25:26","date_gmt":"2018-04-26T19:25:26","guid":{"rendered":"https:\/\/eldiariodesanpedro.com.ar\/sitio\/?p=32334"},"modified":"2018-04-26T16:25:26","modified_gmt":"2018-04-26T19:25:26","slug":"dos-delincuentes-roban-en-un-almacen","status":"publish","type":"post","link":"https:\/\/eldiariodesanpedro.com.ar\/sitio\/dos-delincuentes-roban-en-un-almacen\/","title":{"rendered":"Dos delincuentes roban en un almac\u00e9n"},"content":{"rendered":"<p><!-- VideographyWP Plugin Message: Automatic video embedding prevented by plugin options. --><br \/>\nEste mi\u00e9rcoles ocurri\u00f3 un hecho delictivo ocurrido en horas de la noche, en Boulevard Moreno al 800, comercio rubro verduler\u00eda y almac\u00e9n, donde empleada al salir es sorprendida por masculino que ocultaba su rostro con una bufanda y tras intimidarla con arma de fuego la hace ingresar para dirigirse a la caja y sustraer la recaudaci\u00f3n, luego se retira del lugar en moto junto a otro masculino que hizo de campana. <\/p>\n","protected":false},"excerpt":{"rendered":"<p>Este mi\u00e9rcoles ocurri\u00f3 un hecho delictivo ocurrido en horas de la noche, en Boulevard Moreno al 800, comercio rubro verduler\u00eda y almac\u00e9n, donde empleada al salir es sorprendida por masculino que ocultaba su rostro con una bufanda y tras intimidarla con arma de fuego la hace ingresar para dirigirse a la caja y sustraer la [&hellip;]<\/p>\n","protected":false},"author":4,"featured_media":26677,"comment_status":"open","ping_status":"closed","sticky":false,"template":"","format":"standard","meta":{"om_disable_all_campaigns":false,"_jetpack_memberships_contains_paid_content":false,"footnotes":""},"categories":[2,103],"tags":[],"class_list":["post-32334","post","type-post","status-publish","format-standard","has-post-thumbnail","hentry","category-locales","category-policiales-locales"],"aioseo_notices":[],"gutentor_comment":0,"jetpack_featured_media_url":"https:\/\/eldiariodesanpedro.com.ar\/sitio\/wp-content\/uploads\/2017\/12\/patrullas-policia-noche.jpg","jetpack_shortlink":"https:\/\/wp.me\/p6RhLt-8pw","jetpack_sharing_enabled":true,"_links":{"self":[{"href":"https:\/\/eldiariodesanpedro.com.ar\/sitio\/wp-json\/wp\/v2\/posts\/32334","targetHints":{"allow":["GET"]}}],"collection":[{"href":"https:\/\/eldiariodesanpedro.com.ar\/sitio\/wp-json\/wp\/v2\/posts"}],"about":[{"href":"https:\/\/eldiariodesanpedro.com.ar\/sitio\/wp-json\/wp\/v2\/types\/post"}],"author":[{"embeddable":true,"href":"https:\/\/eldiariodesanpedro.com.ar\/sitio\/wp-json\/wp\/v2\/users\/4"}],"replies":[{"embeddable":true,"href":"https:\/\/eldiariodesanpedro.com.ar\/sitio\/wp-json\/wp\/v2\/comments?post=32334"}],"version-history":[{"count":1,"href":"https:\/\/eldiariodesanpedro.com.ar\/sitio\/wp-json\/wp\/v2\/posts\/32334\/revisions"}],"predecessor-version":[{"id":32335,"href":"https:\/\/eldiariodesanpedro.com.ar\/sitio\/wp-json\/wp\/v2\/posts\/32334\/revisions\/32335"}],"wp:featuredmedia":[{"embeddable":true,"href":"https:\/\/eldiariodesanpedro.com.ar\/sitio\/wp-json\/wp\/v2\/media\/26677"}],"wp:attachment":[{"href":"https:\/\/eldiariodesanpedro.com.ar\/sitio\/wp-json\/wp\/v2\/media?parent=32334"}],"wp:term":[{"taxonomy":"category","embeddable":true,"href":"https:\/\/eldiariodesanpedro.com.ar\/sitio\/wp-json\/wp\/v2\/categories?post=32334"},{"taxonomy":"post_tag","embeddable":true,"href":"https:\/\/eldiariodesanpedro.com.ar\/sitio\/wp-json\/wp\/v2\/tags?post=32334"}],"curies":[{"name":"wp","href":"https:\/\/api.w.org\/{rel}","templated":true}]}}