{"id":32332,"date":"2018-04-26T16:21:39","date_gmt":"2018-04-26T19:21:39","guid":{"rendered":"https:\/\/eldiariodesanpedro.com.ar\/sitio\/?p=32332"},"modified":"2018-04-26T16:21:39","modified_gmt":"2018-04-26T19:21:39","slug":"secuestran-moto-robada-en-baradero","status":"publish","type":"post","link":"https:\/\/eldiariodesanpedro.com.ar\/sitio\/secuestran-moto-robada-en-baradero\/","title":{"rendered":"Secuestran moto robada en Baradero"},"content":{"rendered":"<p><!-- VideographyWP Plugin Message: Automatic video embedding prevented by plugin options. --><br \/>\nEste mi\u00e9rcoles el personal policia de nuestra ciudad en calle Caseros y Jos\u00e9 Hern\u00e1ndez intercepto moto Honda de 150 CC  conducida por joven menor de edad, cual pose\u00eda pedido de secuestro activo de fecha 21 de diciembre de 2016, delito por robo calificado, en la ciudad de Baradero, el veh\u00edculo fue secuestrado mientras que el menor entregado a sus progenitores.<\/p>\n","protected":false},"excerpt":{"rendered":"<p>Este mi\u00e9rcoles el personal policia de nuestra ciudad en calle Caseros y Jos\u00e9 Hern\u00e1ndez intercepto moto Honda de 150 CC conducida por joven menor de edad, cual pose\u00eda pedido de secuestro activo de fecha 21 de diciembre de 2016, delito por robo calificado, en la ciudad de Baradero, el veh\u00edculo fue secuestrado mientras que el [&hellip;]<\/p>\n","protected":false},"author":4,"featured_media":11797,"comment_status":"open","ping_status":"closed","sticky":false,"template":"","format":"standard","meta":{"om_disable_all_campaigns":false,"_jetpack_memberships_contains_paid_content":false,"footnotes":""},"categories":[2,103],"tags":[],"class_list":["post-32332","post","type-post","status-publish","format-standard","has-post-thumbnail","hentry","category-locales","category-policiales-locales"],"aioseo_notices":[],"gutentor_comment":0,"jetpack_featured_media_url":"https:\/\/eldiariodesanpedro.com.ar\/sitio\/wp-content\/uploads\/2016\/12\/moto-secuestrada.jpg","jetpack_shortlink":"https:\/\/wp.me\/p6RhLt-8pu","jetpack_sharing_enabled":true,"_links":{"self":[{"href":"https:\/\/eldiariodesanpedro.com.ar\/sitio\/wp-json\/wp\/v2\/posts\/32332","targetHints":{"allow":["GET"]}}],"collection":[{"href":"https:\/\/eldiariodesanpedro.com.ar\/sitio\/wp-json\/wp\/v2\/posts"}],"about":[{"href":"https:\/\/eldiariodesanpedro.com.ar\/sitio\/wp-json\/wp\/v2\/types\/post"}],"author":[{"embeddable":true,"href":"https:\/\/eldiariodesanpedro.com.ar\/sitio\/wp-json\/wp\/v2\/users\/4"}],"replies":[{"embeddable":true,"href":"https:\/\/eldiariodesanpedro.com.ar\/sitio\/wp-json\/wp\/v2\/comments?post=32332"}],"version-history":[{"count":1,"href":"https:\/\/eldiariodesanpedro.com.ar\/sitio\/wp-json\/wp\/v2\/posts\/32332\/revisions"}],"predecessor-version":[{"id":32333,"href":"https:\/\/eldiariodesanpedro.com.ar\/sitio\/wp-json\/wp\/v2\/posts\/32332\/revisions\/32333"}],"wp:featuredmedia":[{"embeddable":true,"href":"https:\/\/eldiariodesanpedro.com.ar\/sitio\/wp-json\/wp\/v2\/media\/11797"}],"wp:attachment":[{"href":"https:\/\/eldiariodesanpedro.com.ar\/sitio\/wp-json\/wp\/v2\/media?parent=32332"}],"wp:term":[{"taxonomy":"category","embeddable":true,"href":"https:\/\/eldiariodesanpedro.com.ar\/sitio\/wp-json\/wp\/v2\/categories?post=32332"},{"taxonomy":"post_tag","embeddable":true,"href":"https:\/\/eldiariodesanpedro.com.ar\/sitio\/wp-json\/wp\/v2\/tags?post=32332"}],"curies":[{"name":"wp","href":"https:\/\/api.w.org\/{rel}","templated":true}]}}