{"id":32330,"date":"2018-04-26T16:13:18","date_gmt":"2018-04-26T19:13:18","guid":{"rendered":"https:\/\/eldiariodesanpedro.com.ar\/sitio\/?p=32330"},"modified":"2018-04-26T16:13:18","modified_gmt":"2018-04-26T19:13:18","slug":"se-secuestro-un-minibus-con-la-numeraciones-adulterada","status":"publish","type":"post","link":"https:\/\/eldiariodesanpedro.com.ar\/sitio\/se-secuestro-un-minibus-con-la-numeraciones-adulterada\/","title":{"rendered":"Se secuestro un minibus con la numeraciones adulterada"},"content":{"rendered":"<p><!-- VideographyWP Plugin Message: Automatic video embedding prevented by plugin options. --><br \/>\nEste mi\u00e9rcoles el personal Policial del destacamento de R\u00edo Tala, conjuntamente con vial San Pedro, en Ruta 9 y 1001 realizando operativo interceptaci\u00f3n vehicular,  procedi\u00f3 al secuestro de un rodado denominado Mini Bus, marca Mercedes Benz, cual pose\u00eda numeraci\u00f3n de motor adulterado.<\/p>\n<p>Interviene UFI Nro. 05, quien dispuso que al conductor,  masculino de 31 a\u00f1os de edad oriundo de la localidad de Moreno Pcia de Buenos Aires, se lo notifique de la formaci\u00f3n de la causa, mientras que el rodado permanezca secuestrado.<\/p>\n","protected":false},"excerpt":{"rendered":"<p>Este mi\u00e9rcoles el personal Policial del destacamento de R\u00edo Tala, conjuntamente con vial San Pedro, en Ruta 9 y 1001 realizando operativo interceptaci\u00f3n vehicular, procedi\u00f3 al secuestro de un rodado denominado Mini Bus, marca Mercedes Benz, cual pose\u00eda numeraci\u00f3n de motor adulterado. Interviene UFI Nro. 05, quien dispuso que al conductor, masculino de 31 a\u00f1os [&hellip;]<\/p>\n","protected":false},"author":4,"featured_media":16992,"comment_status":"open","ping_status":"closed","sticky":false,"template":"","format":"standard","meta":{"om_disable_all_campaigns":false,"_jetpack_memberships_contains_paid_content":false,"footnotes":""},"categories":[2,103],"tags":[],"class_list":["post-32330","post","type-post","status-publish","format-standard","has-post-thumbnail","hentry","category-locales","category-policiales-locales"],"aioseo_notices":[],"gutentor_comment":0,"jetpack_featured_media_url":"https:\/\/eldiariodesanpedro.com.ar\/sitio\/wp-content\/uploads\/2017\/04\/DSC_0224-e1496175605426.jpg","jetpack_shortlink":"https:\/\/wp.me\/p6RhLt-8ps","jetpack_sharing_enabled":true,"_links":{"self":[{"href":"https:\/\/eldiariodesanpedro.com.ar\/sitio\/wp-json\/wp\/v2\/posts\/32330","targetHints":{"allow":["GET"]}}],"collection":[{"href":"https:\/\/eldiariodesanpedro.com.ar\/sitio\/wp-json\/wp\/v2\/posts"}],"about":[{"href":"https:\/\/eldiariodesanpedro.com.ar\/sitio\/wp-json\/wp\/v2\/types\/post"}],"author":[{"embeddable":true,"href":"https:\/\/eldiariodesanpedro.com.ar\/sitio\/wp-json\/wp\/v2\/users\/4"}],"replies":[{"embeddable":true,"href":"https:\/\/eldiariodesanpedro.com.ar\/sitio\/wp-json\/wp\/v2\/comments?post=32330"}],"version-history":[{"count":1,"href":"https:\/\/eldiariodesanpedro.com.ar\/sitio\/wp-json\/wp\/v2\/posts\/32330\/revisions"}],"predecessor-version":[{"id":32331,"href":"https:\/\/eldiariodesanpedro.com.ar\/sitio\/wp-json\/wp\/v2\/posts\/32330\/revisions\/32331"}],"wp:featuredmedia":[{"embeddable":true,"href":"https:\/\/eldiariodesanpedro.com.ar\/sitio\/wp-json\/wp\/v2\/media\/16992"}],"wp:attachment":[{"href":"https:\/\/eldiariodesanpedro.com.ar\/sitio\/wp-json\/wp\/v2\/media?parent=32330"}],"wp:term":[{"taxonomy":"category","embeddable":true,"href":"https:\/\/eldiariodesanpedro.com.ar\/sitio\/wp-json\/wp\/v2\/categories?post=32330"},{"taxonomy":"post_tag","embeddable":true,"href":"https:\/\/eldiariodesanpedro.com.ar\/sitio\/wp-json\/wp\/v2\/tags?post=32330"}],"curies":[{"name":"wp","href":"https:\/\/api.w.org\/{rel}","templated":true}]}}