{"id":32328,"date":"2018-04-26T10:54:57","date_gmt":"2018-04-26T13:54:57","guid":{"rendered":"https:\/\/eldiariodesanpedro.com.ar\/sitio\/?p=32328"},"modified":"2018-04-26T10:54:57","modified_gmt":"2018-04-26T13:54:57","slug":"un-aprehendido-y-un-herido-luego-de-una-pelea-dentro-del-hospital","status":"publish","type":"post","link":"https:\/\/eldiariodesanpedro.com.ar\/sitio\/un-aprehendido-y-un-herido-luego-de-una-pelea-dentro-del-hospital\/","title":{"rendered":"Un aprehendido y un herido luego de una pelea dentro del hospital"},"content":{"rendered":"<p><!-- VideographyWP Plugin Message: Automatic video embedding prevented by plugin options. --><br \/>\nEste mi\u00e9rcoles alrededor de las 19:00 hs en interior del Hospital local en el \u00e1rea de terapia el personal de la polic\u00eda local, aprehendio a masculino de 20 a\u00f1os de edad quien agredi\u00f3 fisicamente a su cu\u00f1ado de 23 a\u00f1os. <\/p>\n<p>Este sufri\u00f3 golpe trauma facial derecho lesiones car\u00e1cter leves, mientras que el agresor permanece en calidad de aprehendido hasta su traslado a sede fiscal en el dia de la fecha.<\/p>\n","protected":false},"excerpt":{"rendered":"<p>Este mi\u00e9rcoles alrededor de las 19:00 hs en interior del Hospital local en el \u00e1rea de terapia el personal de la polic\u00eda local, aprehendio a masculino de 20 a\u00f1os de edad quien agredi\u00f3 fisicamente a su cu\u00f1ado de 23 a\u00f1os. Este sufri\u00f3 golpe trauma facial derecho lesiones car\u00e1cter leves, mientras que el agresor permanece en [&hellip;]<\/p>\n","protected":false},"author":4,"featured_media":25808,"comment_status":"open","ping_status":"closed","sticky":false,"template":"","format":"standard","meta":{"om_disable_all_campaigns":false,"_jetpack_memberships_contains_paid_content":false,"footnotes":""},"categories":[2,103],"tags":[],"class_list":["post-32328","post","type-post","status-publish","format-standard","has-post-thumbnail","hentry","category-locales","category-policiales-locales"],"aioseo_notices":[],"gutentor_comment":0,"jetpack_featured_media_url":"https:\/\/eldiariodesanpedro.com.ar\/sitio\/wp-content\/uploads\/2017\/11\/Los-accidentados-fueron-derivados-a-la-Guardia.jpg","jetpack_shortlink":"https:\/\/wp.me\/p6RhLt-8pq","jetpack_sharing_enabled":true,"_links":{"self":[{"href":"https:\/\/eldiariodesanpedro.com.ar\/sitio\/wp-json\/wp\/v2\/posts\/32328","targetHints":{"allow":["GET"]}}],"collection":[{"href":"https:\/\/eldiariodesanpedro.com.ar\/sitio\/wp-json\/wp\/v2\/posts"}],"about":[{"href":"https:\/\/eldiariodesanpedro.com.ar\/sitio\/wp-json\/wp\/v2\/types\/post"}],"author":[{"embeddable":true,"href":"https:\/\/eldiariodesanpedro.com.ar\/sitio\/wp-json\/wp\/v2\/users\/4"}],"replies":[{"embeddable":true,"href":"https:\/\/eldiariodesanpedro.com.ar\/sitio\/wp-json\/wp\/v2\/comments?post=32328"}],"version-history":[{"count":1,"href":"https:\/\/eldiariodesanpedro.com.ar\/sitio\/wp-json\/wp\/v2\/posts\/32328\/revisions"}],"predecessor-version":[{"id":32329,"href":"https:\/\/eldiariodesanpedro.com.ar\/sitio\/wp-json\/wp\/v2\/posts\/32328\/revisions\/32329"}],"wp:featuredmedia":[{"embeddable":true,"href":"https:\/\/eldiariodesanpedro.com.ar\/sitio\/wp-json\/wp\/v2\/media\/25808"}],"wp:attachment":[{"href":"https:\/\/eldiariodesanpedro.com.ar\/sitio\/wp-json\/wp\/v2\/media?parent=32328"}],"wp:term":[{"taxonomy":"category","embeddable":true,"href":"https:\/\/eldiariodesanpedro.com.ar\/sitio\/wp-json\/wp\/v2\/categories?post=32328"},{"taxonomy":"post_tag","embeddable":true,"href":"https:\/\/eldiariodesanpedro.com.ar\/sitio\/wp-json\/wp\/v2\/tags?post=32328"}],"curies":[{"name":"wp","href":"https:\/\/api.w.org\/{rel}","templated":true}]}}