{"id":32316,"date":"2018-04-25T21:19:54","date_gmt":"2018-04-26T00:19:54","guid":{"rendered":"https:\/\/eldiariodesanpedro.com.ar\/sitio\/?p=32316"},"modified":"2026-01-24T00:16:24","modified_gmt":"2026-01-24T03:16:24","slug":"futbol-infantil-la-liga-dio-a-conocer-los-convocados-a-las-selecciones-2007","status":"publish","type":"post","link":"https:\/\/eldiariodesanpedro.com.ar\/sitio\/futbol-infantil-la-liga-dio-a-conocer-los-convocados-a-las-selecciones-2007\/","title":{"rendered":"F\u00daTBOL INFANTIL: La Liga dio a conocer los convocados a las selecciones 2007"},"content":{"rendered":"<p><!-- VideographyWP Plugin Message: Automatic video embedding prevented by plugin options. --><br \/>\nEste martes la Liga Infantil dio a conocer quienes son los convocados a integrar las selecciones 2007 que jugar\u00e1n en  vacaciones de invierno el tradicional certamen que organiza la liga nicole\u00f1a. En breve dar\u00e1n a conocer los d\u00edas y horarios de pr\u00e1cticas.<\/p>\n<p><strong>Ser\u00e1n dos planteles, Rojo y Negro y los jugadores son:<\/strong><\/p>\n<p><strong>Selecci\u00f3n \u201cRojo\u201d<\/strong><br \/>\nBautista L\u00f3pez, Valent\u00edn Correa y Alexis Jatil (Paran\u00e1), Mart\u00edn Tagliatori (Mitre), Agust\u00edn Campos y Valent\u00edn Trezzini (San Roque), Lorenzo Arev\u00e1lo y Juli\u00e1n Cerruti (Castro FC), Genaro D\u00edaz y Amaro Huesa (Los Andes), Lautaro Garc\u00eda (El Porvenir) y Santiago Unamuno (Central C\u00f3rdoba).<\/p>\n<p><strong>Selecci\u00f3n \u201cNegro\u201d<\/strong><br \/>\nJuli\u00e1n Oilher, Ger\u00f3nimo Ceballos y Mart\u00edn Soto (El Porvenir), Ezequiel Parre\u00f1o (El Tanque), Nahuel Far\u00edas (Fundici\u00f3n FC), Marcos Brey (Sportivo), Benjam\u00edn Fregenal (G. San Mart\u00edn), Agust\u00edn Cabrera, Juan A. Ferragut y Juan Sim\u00f3n Scarf\u00f3 (Mitre), Kevin Carlevaris (San Roque), Bautista Rocha (Rivadavia). <\/p>\n","protected":false},"excerpt":{"rendered":"<p>Este martes la Liga Infantil dio a conocer quienes son los convocados a integrar las selecciones 2007 que jugar\u00e1n en vacaciones de invierno el tradicional certamen que organiza la liga nicole\u00f1a. En breve dar\u00e1n a conocer los d\u00edas y horarios de pr\u00e1cticas. Ser\u00e1n dos planteles, Rojo y Negro y los jugadores son: Selecci\u00f3n \u201cRojo\u201d Bautista [&hellip;]<\/p>\n","protected":false},"author":4,"featured_media":6140,"comment_status":"open","ping_status":"closed","sticky":false,"template":"","format":"standard","meta":{"om_disable_all_campaigns":false,"_jetpack_memberships_contains_paid_content":false,"footnotes":""},"categories":[5],"tags":[],"class_list":["post-32316","post","type-post","status-publish","format-standard","has-post-thumbnail","hentry","category-deportes"],"aioseo_notices":[],"gutentor_comment":0,"jetpack_featured_media_url":"https:\/\/eldiariodesanpedro.com.ar\/sitio\/wp-content\/uploads\/2016\/07\/FOTO-2-19-07-16.jpg","jetpack_shortlink":"https:\/\/wp.me\/p6RhLt-8pe","jetpack_sharing_enabled":true,"_links":{"self":[{"href":"https:\/\/eldiariodesanpedro.com.ar\/sitio\/wp-json\/wp\/v2\/posts\/32316","targetHints":{"allow":["GET"]}}],"collection":[{"href":"https:\/\/eldiariodesanpedro.com.ar\/sitio\/wp-json\/wp\/v2\/posts"}],"about":[{"href":"https:\/\/eldiariodesanpedro.com.ar\/sitio\/wp-json\/wp\/v2\/types\/post"}],"author":[{"embeddable":true,"href":"https:\/\/eldiariodesanpedro.com.ar\/sitio\/wp-json\/wp\/v2\/users\/4"}],"replies":[{"embeddable":true,"href":"https:\/\/eldiariodesanpedro.com.ar\/sitio\/wp-json\/wp\/v2\/comments?post=32316"}],"version-history":[{"count":1,"href":"https:\/\/eldiariodesanpedro.com.ar\/sitio\/wp-json\/wp\/v2\/posts\/32316\/revisions"}],"predecessor-version":[{"id":32317,"href":"https:\/\/eldiariodesanpedro.com.ar\/sitio\/wp-json\/wp\/v2\/posts\/32316\/revisions\/32317"}],"wp:featuredmedia":[{"embeddable":true,"href":"https:\/\/eldiariodesanpedro.com.ar\/sitio\/wp-json\/wp\/v2\/media\/6140"}],"wp:attachment":[{"href":"https:\/\/eldiariodesanpedro.com.ar\/sitio\/wp-json\/wp\/v2\/media?parent=32316"}],"wp:term":[{"taxonomy":"category","embeddable":true,"href":"https:\/\/eldiariodesanpedro.com.ar\/sitio\/wp-json\/wp\/v2\/categories?post=32316"},{"taxonomy":"post_tag","embeddable":true,"href":"https:\/\/eldiariodesanpedro.com.ar\/sitio\/wp-json\/wp\/v2\/tags?post=32316"}],"curies":[{"name":"wp","href":"https:\/\/api.w.org\/{rel}","templated":true}]}}