{"id":32309,"date":"2018-04-25T21:13:15","date_gmt":"2018-04-26T00:13:15","guid":{"rendered":"https:\/\/eldiariodesanpedro.com.ar\/sitio\/?p=32309"},"modified":"2026-01-24T00:16:24","modified_gmt":"2026-01-24T03:16:24","slug":"tenis-ignacio-novo-destacado-en-santa-fe","status":"publish","type":"post","link":"https:\/\/eldiariodesanpedro.com.ar\/sitio\/tenis-ignacio-novo-destacado-en-santa-fe\/","title":{"rendered":"TENIS: Ignacio Novo destacado en Santa Fe"},"content":{"rendered":"<p><!-- VideographyWP Plugin Message: Automatic video embedding prevented by plugin options. --><br \/>\nNuevamente logr\u00f3 una excelente performance \u2013lleg\u00f3 a semifinales- el joven tenista sampedrino Ignacio Novo en el Torneo Profesional llevado a cabo en Esperanza, provincia de Santa Fe. <\/p>\n<p><strong>Resultados de ronda <\/strong><br \/>\nR64: Sali\u00f3 bye al estar entre los mejores 8 del torneo.<br \/>\nR32: Venci\u00f3 a Alejo Bagnera por 6\/4 6\/0.<br \/>\n8vos: Venci\u00f3 a Franco Templado  por 6\/2 7\/6.<br \/>\n4tos. Venci\u00f3 a Thiago Seweryniak  (N\u00b0 19 del Ranking Profesional,  preclasificado N\u00b0 2 del torneo,  21 a\u00f1os) por 7\/6 6\/0.<\/p>\n<p>Semifinales: Perdi\u00f3 con Lautaro Falabella  (N\u00b0 44 del Ranking Profesional, preclasificado N\u00b0 3 del torneo,  20 a\u00f1os) por 6\/3 6\/3.<\/p>\n<p><strong>Bonafina Campe\u00f3n en Pergamino<\/strong><br \/>\nSe jug\u00f3 el 4\u00b0 Nacional Abierto en Viajantes de Pergamino con la participaci\u00f3n de representantes de la Escuela de Tenis del Club. Bonafina se consagr\u00f3 campe\u00f3n y en la misma categor\u00eda jugaron los hermanos Ya\u00f1ez. Cruz Ya\u00f1ez perdi\u00f3 con Bailao Riva 3-6 5-7. M\u00e1ximo Y\u00e1\u00f1ez le gan\u00f3 a Jaquel\u00edn 7-5 6-1 y luego perdi\u00f3 con Costa. Felipe Bonafina le gan\u00f3 en octavos a Acosta 6-0 6-2 en cuartos 6-0 6-1 a Bailao Riva en semifinal 6-2 6-1 a Cefarelli y 6-3 6-2 en la final a Grippo<\/p>\n","protected":false},"excerpt":{"rendered":"<p>Nuevamente logr\u00f3 una excelente performance \u2013lleg\u00f3 a semifinales- el joven tenista sampedrino Ignacio Novo en el Torneo Profesional llevado a cabo en Esperanza, provincia de Santa Fe. Resultados de ronda R64: Sali\u00f3 bye al estar entre los mejores 8 del torneo. R32: Venci\u00f3 a Alejo Bagnera por 6\/4 6\/0. 8vos: Venci\u00f3 a Franco Templado por [&hellip;]<\/p>\n","protected":false},"author":4,"featured_media":32311,"comment_status":"open","ping_status":"closed","sticky":false,"template":"","format":"standard","meta":{"om_disable_all_campaigns":false,"_jetpack_memberships_contains_paid_content":false,"footnotes":""},"categories":[5],"tags":[],"class_list":["post-32309","post","type-post","status-publish","format-standard","has-post-thumbnail","hentry","category-deportes"],"aioseo_notices":[],"gutentor_comment":0,"jetpack_featured_media_url":"https:\/\/eldiariodesanpedro.com.ar\/sitio\/wp-content\/uploads\/2018\/04\/ignacio-novo.jpg","jetpack_shortlink":"https:\/\/wp.me\/p6RhLt-8p7","jetpack_sharing_enabled":true,"_links":{"self":[{"href":"https:\/\/eldiariodesanpedro.com.ar\/sitio\/wp-json\/wp\/v2\/posts\/32309","targetHints":{"allow":["GET"]}}],"collection":[{"href":"https:\/\/eldiariodesanpedro.com.ar\/sitio\/wp-json\/wp\/v2\/posts"}],"about":[{"href":"https:\/\/eldiariodesanpedro.com.ar\/sitio\/wp-json\/wp\/v2\/types\/post"}],"author":[{"embeddable":true,"href":"https:\/\/eldiariodesanpedro.com.ar\/sitio\/wp-json\/wp\/v2\/users\/4"}],"replies":[{"embeddable":true,"href":"https:\/\/eldiariodesanpedro.com.ar\/sitio\/wp-json\/wp\/v2\/comments?post=32309"}],"version-history":[{"count":1,"href":"https:\/\/eldiariodesanpedro.com.ar\/sitio\/wp-json\/wp\/v2\/posts\/32309\/revisions"}],"predecessor-version":[{"id":32314,"href":"https:\/\/eldiariodesanpedro.com.ar\/sitio\/wp-json\/wp\/v2\/posts\/32309\/revisions\/32314"}],"wp:featuredmedia":[{"embeddable":true,"href":"https:\/\/eldiariodesanpedro.com.ar\/sitio\/wp-json\/wp\/v2\/media\/32311"}],"wp:attachment":[{"href":"https:\/\/eldiariodesanpedro.com.ar\/sitio\/wp-json\/wp\/v2\/media?parent=32309"}],"wp:term":[{"taxonomy":"category","embeddable":true,"href":"https:\/\/eldiariodesanpedro.com.ar\/sitio\/wp-json\/wp\/v2\/categories?post=32309"},{"taxonomy":"post_tag","embeddable":true,"href":"https:\/\/eldiariodesanpedro.com.ar\/sitio\/wp-json\/wp\/v2\/tags?post=32309"}],"curies":[{"name":"wp","href":"https:\/\/api.w.org\/{rel}","templated":true}]}}