{"id":32305,"date":"2018-04-25T21:07:02","date_gmt":"2018-04-26T00:07:02","guid":{"rendered":"https:\/\/eldiariodesanpedro.com.ar\/sitio\/?p=32305"},"modified":"2026-01-24T00:16:25","modified_gmt":"2026-01-24T03:16:25","slug":"voley-triunfo-en-el-debut-del-celeste","status":"publish","type":"post","link":"https:\/\/eldiariodesanpedro.com.ar\/sitio\/voley-triunfo-en-el-debut-del-celeste\/","title":{"rendered":"V\u00d3LEY: Triunfo en el debut del \u201cceleste\u201d"},"content":{"rendered":"<p><!-- VideographyWP Plugin Message: Automatic video embedding prevented by plugin options. --><br \/>\nGran arranque de la primera divisi\u00f3n de Voley Club N\u00e1utico San Pedro con una victoria 3-1 como visitantes ante Central Argentino de Fighiera, 19-25, 25-21, 18-25 y 16-25. <\/p>\n<p>A pesar de un plantel reducido el celeste se hizo valer con, Leandro Gerini; Valent\u00edn Mauri; Joaqu\u00edn Rivas; Juli\u00e1n Gamietea; abajo: Gonzalo Ratto; M\u00e1ximo Dom\u00ednguez (L); Federico Bonvissuto y Gonzalo Lardiez.<\/p>\n<p>Con m\u00e1s de 200 chicas se jug\u00f3 este domingo el primer encuentro de mini v\u00f3ley en el Club Los Andes de Villa Ramallo, y all\u00ed estuvo el V\u00f3ley Club N\u00e1utico San Pedro con 35 representantes, profesores y papas.  <\/p>\n","protected":false},"excerpt":{"rendered":"<p>Gran arranque de la primera divisi\u00f3n de Voley Club N\u00e1utico San Pedro con una victoria 3-1 como visitantes ante Central Argentino de Fighiera, 19-25, 25-21, 18-25 y 16-25. A pesar de un plantel reducido el celeste se hizo valer con, Leandro Gerini; Valent\u00edn Mauri; Joaqu\u00edn Rivas; Juli\u00e1n Gamietea; abajo: Gonzalo Ratto; M\u00e1ximo Dom\u00ednguez (L); Federico [&hellip;]<\/p>\n","protected":false},"author":4,"featured_media":22457,"comment_status":"open","ping_status":"closed","sticky":false,"template":"","format":"standard","meta":{"om_disable_all_campaigns":false,"_jetpack_memberships_contains_paid_content":false,"footnotes":""},"categories":[5],"tags":[],"class_list":["post-32305","post","type-post","status-publish","format-standard","has-post-thumbnail","hentry","category-deportes"],"aioseo_notices":[],"gutentor_comment":0,"jetpack_featured_media_url":"https:\/\/eldiariodesanpedro.com.ar\/sitio\/wp-content\/uploads\/2017\/08\/voley.jpg","jetpack_shortlink":"https:\/\/wp.me\/p6RhLt-8p3","jetpack_sharing_enabled":true,"_links":{"self":[{"href":"https:\/\/eldiariodesanpedro.com.ar\/sitio\/wp-json\/wp\/v2\/posts\/32305","targetHints":{"allow":["GET"]}}],"collection":[{"href":"https:\/\/eldiariodesanpedro.com.ar\/sitio\/wp-json\/wp\/v2\/posts"}],"about":[{"href":"https:\/\/eldiariodesanpedro.com.ar\/sitio\/wp-json\/wp\/v2\/types\/post"}],"author":[{"embeddable":true,"href":"https:\/\/eldiariodesanpedro.com.ar\/sitio\/wp-json\/wp\/v2\/users\/4"}],"replies":[{"embeddable":true,"href":"https:\/\/eldiariodesanpedro.com.ar\/sitio\/wp-json\/wp\/v2\/comments?post=32305"}],"version-history":[{"count":2,"href":"https:\/\/eldiariodesanpedro.com.ar\/sitio\/wp-json\/wp\/v2\/posts\/32305\/revisions"}],"predecessor-version":[{"id":32310,"href":"https:\/\/eldiariodesanpedro.com.ar\/sitio\/wp-json\/wp\/v2\/posts\/32305\/revisions\/32310"}],"wp:featuredmedia":[{"embeddable":true,"href":"https:\/\/eldiariodesanpedro.com.ar\/sitio\/wp-json\/wp\/v2\/media\/22457"}],"wp:attachment":[{"href":"https:\/\/eldiariodesanpedro.com.ar\/sitio\/wp-json\/wp\/v2\/media?parent=32305"}],"wp:term":[{"taxonomy":"category","embeddable":true,"href":"https:\/\/eldiariodesanpedro.com.ar\/sitio\/wp-json\/wp\/v2\/categories?post=32305"},{"taxonomy":"post_tag","embeddable":true,"href":"https:\/\/eldiariodesanpedro.com.ar\/sitio\/wp-json\/wp\/v2\/tags?post=32305"}],"curies":[{"name":"wp","href":"https:\/\/api.w.org\/{rel}","templated":true}]}}