{"id":32134,"date":"2018-04-24T10:42:25","date_gmt":"2018-04-24T13:42:25","guid":{"rendered":"https:\/\/eldiariodesanpedro.com.ar\/sitio\/?p=32134"},"modified":"2018-04-24T10:42:25","modified_gmt":"2018-04-24T13:42:25","slug":"accidente-de-transito-sin-heridos","status":"publish","type":"post","link":"https:\/\/eldiariodesanpedro.com.ar\/sitio\/accidente-de-transito-sin-heridos\/","title":{"rendered":"Accidente de tr\u00e1nsito sin heridos"},"content":{"rendered":"<p><!-- VideographyWP Plugin Message: Automatic video embedding prevented by plugin options. --><br \/>\nEl personal policial de nuestra ciudad se comisiono hasta intersecci\u00f3n de calle G\u00fcemes y Las Provincias, donde impactara autom\u00f3vil con motocicleta siendo trasladada un joven hasta sector de pediatr\u00eda, logr\u00e1ndose establecer que no presentaba lesiones.<\/p>\n","protected":false},"excerpt":{"rendered":"<p>El personal policial de nuestra ciudad se comisiono hasta intersecci\u00f3n de calle G\u00fcemes y Las Provincias, donde impactara autom\u00f3vil con motocicleta siendo trasladada un joven hasta sector de pediatr\u00eda, logr\u00e1ndose establecer que no presentaba lesiones.<\/p>\n","protected":false},"author":4,"featured_media":12840,"comment_status":"open","ping_status":"closed","sticky":false,"template":"","format":"standard","meta":{"om_disable_all_campaigns":false,"_jetpack_memberships_contains_paid_content":false,"footnotes":""},"categories":[2,103],"tags":[],"class_list":["post-32134","post","type-post","status-publish","format-standard","has-post-thumbnail","hentry","category-locales","category-policiales-locales"],"aioseo_notices":[],"gutentor_comment":0,"jetpack_featured_media_url":"https:\/\/eldiariodesanpedro.com.ar\/sitio\/wp-content\/uploads\/2017\/01\/movil-inspeccion-municipalidad-san-pedro.jpg","jetpack_shortlink":"https:\/\/wp.me\/p6RhLt-8mi","jetpack_sharing_enabled":true,"_links":{"self":[{"href":"https:\/\/eldiariodesanpedro.com.ar\/sitio\/wp-json\/wp\/v2\/posts\/32134","targetHints":{"allow":["GET"]}}],"collection":[{"href":"https:\/\/eldiariodesanpedro.com.ar\/sitio\/wp-json\/wp\/v2\/posts"}],"about":[{"href":"https:\/\/eldiariodesanpedro.com.ar\/sitio\/wp-json\/wp\/v2\/types\/post"}],"author":[{"embeddable":true,"href":"https:\/\/eldiariodesanpedro.com.ar\/sitio\/wp-json\/wp\/v2\/users\/4"}],"replies":[{"embeddable":true,"href":"https:\/\/eldiariodesanpedro.com.ar\/sitio\/wp-json\/wp\/v2\/comments?post=32134"}],"version-history":[{"count":1,"href":"https:\/\/eldiariodesanpedro.com.ar\/sitio\/wp-json\/wp\/v2\/posts\/32134\/revisions"}],"predecessor-version":[{"id":32135,"href":"https:\/\/eldiariodesanpedro.com.ar\/sitio\/wp-json\/wp\/v2\/posts\/32134\/revisions\/32135"}],"wp:featuredmedia":[{"embeddable":true,"href":"https:\/\/eldiariodesanpedro.com.ar\/sitio\/wp-json\/wp\/v2\/media\/12840"}],"wp:attachment":[{"href":"https:\/\/eldiariodesanpedro.com.ar\/sitio\/wp-json\/wp\/v2\/media?parent=32134"}],"wp:term":[{"taxonomy":"category","embeddable":true,"href":"https:\/\/eldiariodesanpedro.com.ar\/sitio\/wp-json\/wp\/v2\/categories?post=32134"},{"taxonomy":"post_tag","embeddable":true,"href":"https:\/\/eldiariodesanpedro.com.ar\/sitio\/wp-json\/wp\/v2\/tags?post=32134"}],"curies":[{"name":"wp","href":"https:\/\/api.w.org\/{rel}","templated":true}]}}