{"id":32121,"date":"2018-04-23T21:36:54","date_gmt":"2018-04-24T00:36:54","guid":{"rendered":"https:\/\/eldiariodesanpedro.com.ar\/sitio\/?p=32121"},"modified":"2018-04-23T21:36:54","modified_gmt":"2018-04-24T00:36:54","slug":"dos-motocicletas-robadas-el-domingo-a-la-noche","status":"publish","type":"post","link":"https:\/\/eldiariodesanpedro.com.ar\/sitio\/dos-motocicletas-robadas-el-domingo-a-la-noche\/","title":{"rendered":"Dos motocicletas robadas el domingo a la noche"},"content":{"rendered":"<p><!-- VideographyWP Plugin Message: Automatic video embedding prevented by plugin options. --><br \/>\n  Este domingo por la noche ocurrieron dos hechos delictivos mientras se produjo el corte de luz en parte de la ciudad.<\/p>\n<p>  Delincuentes ignorados robaron dos motocicletas.<\/p>\n<p>  El primer robo ocurri\u00f3 cerca de las 24 hs. Los ladrones ingresaron en un domicilio ubicado sobre Lucio Mansilla y Belgrano y se llevaron una motocicleta marca Mondial Dax color azul y un equipo de m\u00fasica, entre otros elementos.<br \/>\n  El otro ocurri\u00f3 en la intersecci\u00f3n de calles General Pueyrred\u00f3n y Las Provincias alrededor de las 23:30 hs. Una joven dej\u00f3 afuera de la casa de su hermano una motocicleta Motomel Bliz 110 cc mientras esperaba que volviera la luz para regresar a su casa, por miedo a que le roben. Cuando regres\u00f3 la luz, sali\u00f3 del domicilio para retirarse del lugar y se encuentra con que la motocicleta ya no se encontraba. Luego, se acerc\u00f3 a la Comisar\u00eda y realiz\u00f3 la correspondiente denuncia.<\/p>\n<p>  Horas despu\u00e9s, durante la tarde del lunes ella misma recorri\u00f3 lugares tratando de averiguar el paradero del veh\u00edculo, hasta que desconocidos se acercaron a su domicilio a ofrecerle la motocicleta a cambio de \u00abunos pesos\u00bb, por lo que termin\u00f3 pagando $500 a cambio de su propia motocicleta, la cual fue entregada en p\u00e9simas condiciones. <\/p>\n","protected":false},"excerpt":{"rendered":"<p>Este domingo por la noche ocurrieron dos hechos delictivos mientras se produjo el corte de luz en parte de la ciudad. Delincuentes ignorados robaron dos motocicletas. El primer robo ocurri\u00f3 cerca de las 24 hs. Los ladrones ingresaron en un domicilio ubicado sobre Lucio Mansilla y Belgrano y se llevaron una motocicleta marca Mondial Dax [&hellip;]<\/p>\n","protected":false},"author":4,"featured_media":32122,"comment_status":"open","ping_status":"closed","sticky":false,"template":"","format":"standard","meta":{"om_disable_all_campaigns":false,"_jetpack_memberships_contains_paid_content":false,"footnotes":""},"categories":[2,103],"tags":[],"class_list":["post-32121","post","type-post","status-publish","format-standard","has-post-thumbnail","hentry","category-locales","category-policiales-locales"],"aioseo_notices":[],"gutentor_comment":0,"jetpack_featured_media_url":"https:\/\/eldiariodesanpedro.com.ar\/sitio\/wp-content\/uploads\/2018\/04\/Dos-motocicletas-robadas-el-domingo-a-la-noche.jpg","jetpack_shortlink":"https:\/\/wp.me\/p6RhLt-8m5","jetpack_sharing_enabled":true,"_links":{"self":[{"href":"https:\/\/eldiariodesanpedro.com.ar\/sitio\/wp-json\/wp\/v2\/posts\/32121","targetHints":{"allow":["GET"]}}],"collection":[{"href":"https:\/\/eldiariodesanpedro.com.ar\/sitio\/wp-json\/wp\/v2\/posts"}],"about":[{"href":"https:\/\/eldiariodesanpedro.com.ar\/sitio\/wp-json\/wp\/v2\/types\/post"}],"author":[{"embeddable":true,"href":"https:\/\/eldiariodesanpedro.com.ar\/sitio\/wp-json\/wp\/v2\/users\/4"}],"replies":[{"embeddable":true,"href":"https:\/\/eldiariodesanpedro.com.ar\/sitio\/wp-json\/wp\/v2\/comments?post=32121"}],"version-history":[{"count":1,"href":"https:\/\/eldiariodesanpedro.com.ar\/sitio\/wp-json\/wp\/v2\/posts\/32121\/revisions"}],"predecessor-version":[{"id":32123,"href":"https:\/\/eldiariodesanpedro.com.ar\/sitio\/wp-json\/wp\/v2\/posts\/32121\/revisions\/32123"}],"wp:featuredmedia":[{"embeddable":true,"href":"https:\/\/eldiariodesanpedro.com.ar\/sitio\/wp-json\/wp\/v2\/media\/32122"}],"wp:attachment":[{"href":"https:\/\/eldiariodesanpedro.com.ar\/sitio\/wp-json\/wp\/v2\/media?parent=32121"}],"wp:term":[{"taxonomy":"category","embeddable":true,"href":"https:\/\/eldiariodesanpedro.com.ar\/sitio\/wp-json\/wp\/v2\/categories?post=32121"},{"taxonomy":"post_tag","embeddable":true,"href":"https:\/\/eldiariodesanpedro.com.ar\/sitio\/wp-json\/wp\/v2\/tags?post=32121"}],"curies":[{"name":"wp","href":"https:\/\/api.w.org\/{rel}","templated":true}]}}