{"id":32118,"date":"2018-04-23T21:16:52","date_gmt":"2018-04-24T00:16:52","guid":{"rendered":"https:\/\/eldiariodesanpedro.com.ar\/sitio\/?p=32118"},"modified":"2018-04-23T21:16:52","modified_gmt":"2018-04-24T00:16:52","slug":"se-aceleran-los-pasos-para-eliminar-impuestos-provinciales-y-municipales-en-las-tarifas","status":"publish","type":"post","link":"https:\/\/eldiariodesanpedro.com.ar\/sitio\/se-aceleran-los-pasos-para-eliminar-impuestos-provinciales-y-municipales-en-las-tarifas\/","title":{"rendered":"Se aceleran los pasos para eliminar impuestos provinciales y municipales en las tarifas"},"content":{"rendered":"<p><!-- VideographyWP Plugin Message: Automatic video embedding prevented by plugin options. --><br \/>\nLa iniciativa del Centro de Comercio e Industria explicada a los concejales en diferentes reuniones llegar\u00e1 a la pr\u00f3xima sesi\u00f3n del Honorable Concejo Deliberante a trav\u00e9s de un proyecto del bloque oficialista. <\/p>\n<p>  La preocupaci\u00f3n que atraviesa a los comerciantes, empresarios y a la comunidad en general tambi\u00e9n est\u00e1 instalada en el primer plano de nuestra agenda. Hemos demostrado que tanto es as\u00ed con una sucesi\u00f3n de acciones que a\u00fan con pocas probabilidades de \u00e9xito, han representado la voz del sector, cumpliendo con la funci\u00f3n para la cual una instituci\u00f3n como la nuestra ocupa un papel en la sociedad.<br \/>\n  Sin la participaci\u00f3n de los comerciantes y empresarios respaldando con continuidad a entidades como nuestro Centro, es dif\u00edcil lograr un efecto concreto cuando las decisiones de los gobiernos avanzan sobre el trabajo y el empleo.<br \/>\n  El aumento de la energ\u00eda el\u00e9ctrica al que se le suman los de tasas e impuestos y el de otros servicios b\u00e1sicos como el gas, nos mantiene en alerta.<br \/>\n  El Honorable Concejo Deliberante de San Pedro ha recibido este mensaje, no s\u00f3lo desde el Centro de Comercio sino tambi\u00e9n desde cada sector de nuestra comunidad.<br \/>\n  En la pr\u00f3xima sesi\u00f3n ordinaria del 26 de abril, ingresar\u00e1 el expediente 4079 que solicitar\u00e1 la suspensi\u00f3n del cobro del Fondo de Obras P\u00fablicas Comunitarias que se traslada a los vecinos a trav\u00e9s del recibo de energ\u00eda el\u00e9ctrica. Si bien el volumen de las facturas seguir\u00e1 siendo considerable, la reducci\u00f3n de este \u00edtem, hasta tanto se pueda resolver el tema nivel provincial y municipal responder\u00eda al compromiso local de atender esta problem\u00e1tica.<br \/>\n  En una jornada especial en la que se ha hecho p\u00fablico un importante anuncio de la Gobernadora Mar\u00eda Eugenia Vidal sobre la eliminaci\u00f3n de los impuestos provinciales, compartimos con nuestros socios y con la comunidad esta noticia y los invitamos a estar atentos al debate y a todas las acciones que EN CONJUNTO podamos seguir compartiendo para que enfrentemos esta situaci\u00f3n con algo m\u00e1s que palabras.<br \/>\n  Proyecto ingresado en el HCD.<\/p>\n","protected":false},"excerpt":{"rendered":"<p>La iniciativa del Centro de Comercio e Industria explicada a los concejales en diferentes reuniones llegar\u00e1 a la pr\u00f3xima sesi\u00f3n del Honorable Concejo Deliberante a trav\u00e9s de un proyecto del bloque oficialista. La preocupaci\u00f3n que atraviesa a los comerciantes, empresarios y a la comunidad en general tambi\u00e9n est\u00e1 instalada en el primer plano de nuestra [&hellip;]<\/p>\n","protected":false},"author":4,"featured_media":32119,"comment_status":"open","ping_status":"closed","sticky":false,"template":"","format":"standard","meta":{"om_disable_all_campaigns":false,"_jetpack_memberships_contains_paid_content":false,"footnotes":""},"categories":[101,2],"tags":[],"class_list":["post-32118","post","type-post","status-publish","format-standard","has-post-thumbnail","hentry","category-interes-general-locales","category-locales"],"aioseo_notices":[],"gutentor_comment":0,"jetpack_featured_media_url":"https:\/\/eldiariodesanpedro.com.ar\/sitio\/wp-content\/uploads\/2018\/04\/centro-de-comercio-e-industria-san-pedro.jpg","jetpack_shortlink":"https:\/\/wp.me\/p6RhLt-8m2","jetpack_sharing_enabled":true,"_links":{"self":[{"href":"https:\/\/eldiariodesanpedro.com.ar\/sitio\/wp-json\/wp\/v2\/posts\/32118","targetHints":{"allow":["GET"]}}],"collection":[{"href":"https:\/\/eldiariodesanpedro.com.ar\/sitio\/wp-json\/wp\/v2\/posts"}],"about":[{"href":"https:\/\/eldiariodesanpedro.com.ar\/sitio\/wp-json\/wp\/v2\/types\/post"}],"author":[{"embeddable":true,"href":"https:\/\/eldiariodesanpedro.com.ar\/sitio\/wp-json\/wp\/v2\/users\/4"}],"replies":[{"embeddable":true,"href":"https:\/\/eldiariodesanpedro.com.ar\/sitio\/wp-json\/wp\/v2\/comments?post=32118"}],"version-history":[{"count":1,"href":"https:\/\/eldiariodesanpedro.com.ar\/sitio\/wp-json\/wp\/v2\/posts\/32118\/revisions"}],"predecessor-version":[{"id":32120,"href":"https:\/\/eldiariodesanpedro.com.ar\/sitio\/wp-json\/wp\/v2\/posts\/32118\/revisions\/32120"}],"wp:featuredmedia":[{"embeddable":true,"href":"https:\/\/eldiariodesanpedro.com.ar\/sitio\/wp-json\/wp\/v2\/media\/32119"}],"wp:attachment":[{"href":"https:\/\/eldiariodesanpedro.com.ar\/sitio\/wp-json\/wp\/v2\/media?parent=32118"}],"wp:term":[{"taxonomy":"category","embeddable":true,"href":"https:\/\/eldiariodesanpedro.com.ar\/sitio\/wp-json\/wp\/v2\/categories?post=32118"},{"taxonomy":"post_tag","embeddable":true,"href":"https:\/\/eldiariodesanpedro.com.ar\/sitio\/wp-json\/wp\/v2\/tags?post=32118"}],"curies":[{"name":"wp","href":"https:\/\/api.w.org\/{rel}","templated":true}]}}