{"id":32114,"date":"2018-04-23T20:38:52","date_gmt":"2018-04-23T23:38:52","guid":{"rendered":"https:\/\/eldiariodesanpedro.com.ar\/sitio\/?p=32114"},"modified":"2018-04-23T20:38:52","modified_gmt":"2018-04-23T23:38:52","slug":"baradero-un-baraderense-fallecio-y-otros-dos-resultaron-con-heridas-en-un-accidente-en-la-ruta-n5","status":"publish","type":"post","link":"https:\/\/eldiariodesanpedro.com.ar\/sitio\/baradero-un-baraderense-fallecio-y-otros-dos-resultaron-con-heridas-en-un-accidente-en-la-ruta-n5\/","title":{"rendered":"BARADERO: Un baraderense falleci\u00f3 y otros dos resultaron con heridas en un accidente en la Ruta N\u00b05"},"content":{"rendered":"<p><!-- VideographyWP Plugin Message: Automatic video embedding prevented by plugin options. --><br \/>\nIba en una camioneta junto a otras dos personas, en el recorrido tambi\u00e9n arrastraron al cuidador de un obrador de la ruta.<\/p>\n<p>  Un hombre oriundo de la localidad de Baradero falleci\u00f3 esta ma\u00f1ana luego de ser trasladado en ambulancia desde el lugar del accidente hacia el hospital de Bragado.<\/p>\n<p>  El hecho ocurri\u00f3 cerca de las 7:30 horas en el kil\u00f3metro 225 cuando la camioneta Saveiro en la que se movilizaban tres hombres, perdi\u00f3 el control y termin\u00f3 impactando con un mont\u00edculo de tierra y una casilla del personal que est\u00e1 afectado a la reparaci\u00f3n de la Ruta 5.<\/p>\n<p>  Como consecuencia del accidente, el chofer de la camioneta muri\u00f3 y los otros dos resultaron heridos. Intervinieron los bomberos de Comodoro Py y la polic\u00eda del destacamento de esa localidad.<\/p>\n<p>  Este es el informe del portal Bragado Informa al cual agregamos la identidad del baraderense fallecido, se trata de David Marzoa de 49 a\u00f1os. Desde BTI hacemos llegar nuestras condolencias a sus familiares y amigos.<\/p>\n<p>Fuente: Baradero Te Informa<\/p>\n","protected":false},"excerpt":{"rendered":"<p>Iba en una camioneta junto a otras dos personas, en el recorrido tambi\u00e9n arrastraron al cuidador de un obrador de la ruta. Un hombre oriundo de la localidad de Baradero falleci\u00f3 esta ma\u00f1ana luego de ser trasladado en ambulancia desde el lugar del accidente hacia el hospital de Bragado. El hecho ocurri\u00f3 cerca de las [&hellip;]<\/p>\n","protected":false},"author":4,"featured_media":32116,"comment_status":"open","ping_status":"closed","sticky":false,"template":"","format":"standard","meta":{"om_disable_all_campaigns":false,"_jetpack_memberships_contains_paid_content":false,"footnotes":""},"categories":[621],"tags":[],"class_list":["post-32114","post","type-post","status-publish","format-standard","has-post-thumbnail","hentry","category-regionales"],"aioseo_notices":[],"gutentor_comment":0,"jetpack_featured_media_url":"https:\/\/eldiariodesanpedro.com.ar\/sitio\/wp-content\/uploads\/2018\/04\/BARADERO-accidente-en-la-Ruta-N\u00b05.jpg","jetpack_shortlink":"https:\/\/wp.me\/p6RhLt-8lY","jetpack_sharing_enabled":true,"_links":{"self":[{"href":"https:\/\/eldiariodesanpedro.com.ar\/sitio\/wp-json\/wp\/v2\/posts\/32114","targetHints":{"allow":["GET"]}}],"collection":[{"href":"https:\/\/eldiariodesanpedro.com.ar\/sitio\/wp-json\/wp\/v2\/posts"}],"about":[{"href":"https:\/\/eldiariodesanpedro.com.ar\/sitio\/wp-json\/wp\/v2\/types\/post"}],"author":[{"embeddable":true,"href":"https:\/\/eldiariodesanpedro.com.ar\/sitio\/wp-json\/wp\/v2\/users\/4"}],"replies":[{"embeddable":true,"href":"https:\/\/eldiariodesanpedro.com.ar\/sitio\/wp-json\/wp\/v2\/comments?post=32114"}],"version-history":[{"count":1,"href":"https:\/\/eldiariodesanpedro.com.ar\/sitio\/wp-json\/wp\/v2\/posts\/32114\/revisions"}],"predecessor-version":[{"id":32117,"href":"https:\/\/eldiariodesanpedro.com.ar\/sitio\/wp-json\/wp\/v2\/posts\/32114\/revisions\/32117"}],"wp:featuredmedia":[{"embeddable":true,"href":"https:\/\/eldiariodesanpedro.com.ar\/sitio\/wp-json\/wp\/v2\/media\/32116"}],"wp:attachment":[{"href":"https:\/\/eldiariodesanpedro.com.ar\/sitio\/wp-json\/wp\/v2\/media?parent=32114"}],"wp:term":[{"taxonomy":"category","embeddable":true,"href":"https:\/\/eldiariodesanpedro.com.ar\/sitio\/wp-json\/wp\/v2\/categories?post=32114"},{"taxonomy":"post_tag","embeddable":true,"href":"https:\/\/eldiariodesanpedro.com.ar\/sitio\/wp-json\/wp\/v2\/tags?post=32114"}],"curies":[{"name":"wp","href":"https:\/\/api.w.org\/{rel}","templated":true}]}}