{"id":32112,"date":"2018-04-23T20:35:13","date_gmt":"2018-04-23T23:35:13","guid":{"rendered":"https:\/\/eldiariodesanpedro.com.ar\/sitio\/?p=32112"},"modified":"2018-04-23T20:35:13","modified_gmt":"2018-04-23T23:35:13","slug":"baradero-vecinos-de-portela-realizaron-una-caravana-a-la-municipalidad-para-reclamar-seguridad","status":"publish","type":"post","link":"https:\/\/eldiariodesanpedro.com.ar\/sitio\/baradero-vecinos-de-portela-realizaron-una-caravana-a-la-municipalidad-para-reclamar-seguridad\/","title":{"rendered":"BARADERO: Vecinos de Portela realizaron una caravana a la Municipalidad para reclamar seguridad"},"content":{"rendered":"<p><!-- VideographyWP Plugin Message: Automatic video embedding prevented by plugin options. --><br \/>\nTambi\u00e9n reclamaron el arreglo del camino de acceso. Se trasladaron desde la localidad a la ciudad cabecera para concretar el reclamo.<\/p>\n<p>  Alrededor de las 11 hs. de este lunes decenas de veh\u00edculos se acercaron a la Municipalidad en caravana desde la localidad de Portela. Tocando bocina y luego agrup\u00e1ndose en las escalinatas, para entregarle un petitorio a la intendente municipal, Fernanda Antonijevic.<\/p>\n<p>  Luis, uno de los vecinos que se encuentra en el reclamo, afirm\u00f3 al m\u00f3vil de 105.7 Tu Radio que el pedido incluye reclamos por la inseguridad, el estado de deterioro del camino y las problem\u00e1ticas en el servicio de energ\u00eda el\u00e9ctrica.<\/p>\n<p>Fuente: Tu L\u00ednea Directa<\/p>\n","protected":false},"excerpt":{"rendered":"<p>Tambi\u00e9n reclamaron el arreglo del camino de acceso. Se trasladaron desde la localidad a la ciudad cabecera para concretar el reclamo. Alrededor de las 11 hs. de este lunes decenas de veh\u00edculos se acercaron a la Municipalidad en caravana desde la localidad de Portela. Tocando bocina y luego agrup\u00e1ndose en las escalinatas, para entregarle un [&hellip;]<\/p>\n","protected":false},"author":4,"featured_media":0,"comment_status":"open","ping_status":"closed","sticky":false,"template":"","format":"standard","meta":{"om_disable_all_campaigns":false,"_jetpack_memberships_contains_paid_content":false,"footnotes":""},"categories":[621],"tags":[],"class_list":["post-32112","post","type-post","status-publish","format-standard","hentry","category-regionales"],"aioseo_notices":[],"gutentor_comment":0,"jetpack_featured_media_url":"","jetpack_shortlink":"https:\/\/wp.me\/p6RhLt-8lW","jetpack_sharing_enabled":true,"_links":{"self":[{"href":"https:\/\/eldiariodesanpedro.com.ar\/sitio\/wp-json\/wp\/v2\/posts\/32112","targetHints":{"allow":["GET"]}}],"collection":[{"href":"https:\/\/eldiariodesanpedro.com.ar\/sitio\/wp-json\/wp\/v2\/posts"}],"about":[{"href":"https:\/\/eldiariodesanpedro.com.ar\/sitio\/wp-json\/wp\/v2\/types\/post"}],"author":[{"embeddable":true,"href":"https:\/\/eldiariodesanpedro.com.ar\/sitio\/wp-json\/wp\/v2\/users\/4"}],"replies":[{"embeddable":true,"href":"https:\/\/eldiariodesanpedro.com.ar\/sitio\/wp-json\/wp\/v2\/comments?post=32112"}],"version-history":[{"count":1,"href":"https:\/\/eldiariodesanpedro.com.ar\/sitio\/wp-json\/wp\/v2\/posts\/32112\/revisions"}],"predecessor-version":[{"id":32115,"href":"https:\/\/eldiariodesanpedro.com.ar\/sitio\/wp-json\/wp\/v2\/posts\/32112\/revisions\/32115"}],"wp:attachment":[{"href":"https:\/\/eldiariodesanpedro.com.ar\/sitio\/wp-json\/wp\/v2\/media?parent=32112"}],"wp:term":[{"taxonomy":"category","embeddable":true,"href":"https:\/\/eldiariodesanpedro.com.ar\/sitio\/wp-json\/wp\/v2\/categories?post=32112"},{"taxonomy":"post_tag","embeddable":true,"href":"https:\/\/eldiariodesanpedro.com.ar\/sitio\/wp-json\/wp\/v2\/tags?post=32112"}],"curies":[{"name":"wp","href":"https:\/\/api.w.org\/{rel}","templated":true}]}}