{"id":32107,"date":"2018-04-23T20:31:53","date_gmt":"2018-04-23T23:31:53","guid":{"rendered":"https:\/\/eldiariodesanpedro.com.ar\/sitio\/?p=32107"},"modified":"2018-04-23T20:31:53","modified_gmt":"2018-04-23T23:31:53","slug":"campana-encuentran-a-un-hombre-y-varios-gatos-fallecidos","status":"publish","type":"post","link":"https:\/\/eldiariodesanpedro.com.ar\/sitio\/campana-encuentran-a-un-hombre-y-varios-gatos-fallecidos\/","title":{"rendered":"CAMPANA: Encuentran a un hombre y varios gatos fallecidos"},"content":{"rendered":"<p><!-- VideographyWP Plugin Message: Automatic video embedding prevented by plugin options. --><br \/>\nUn extra\u00f1o hecho que tuvo lugar en el B\u00b0 D\u00e1lmine. La v\u00edctima padec\u00eda una dura enfermedad y sus vecinos no lo ve\u00edan desde hace d\u00edas. Al ingresar la polic\u00eda al domicilio lo encontraron sin vida y, junto a \u00e9l, varios de sus gatos tambi\u00e9n muertos.<\/p>\n<p>  Un extra\u00f1o hecho ocurrido d\u00edas pasados sali\u00f3 a la luz recientemente luego que vecinos del barrio D\u00e1lmine tomaran contacto con nuestro medio, tras el fallecimiento de un hombre en circunstancias a\u00fan no confirmadas.<\/p>\n<p>  Al parecer y, seg\u00fan el reporte policial, un llamado al 911 realizado semanas atr\u00e1s daba cuenta del hallazgo de un gato muerto en la puerta de la casa de un vecino, el cual atravesaba problemas de salud y no era visto desde hace algunos d\u00edas.<\/p>\n<p>  Esto llev\u00f3 a pensar lo peor a sus vecinos quienes, de alguna manera, estaban en lo cierto. Al ingresar los efectivos en la vivienda sita en calle Roca al 400, hallaron el cuerpo del hombre sin vida, tendido boca abajo, con la apariencia de haber fallecido hac\u00eda varios d\u00edas.<\/p>\n<p>  Pero m\u00e1s extra\u00f1o fue el hallazgo de varios gatos muertos a su alrededor.  Seg\u00fan trascendi\u00f3, el vecino sufr\u00eda una cruel enfermedad por la cual le hab\u00edan amputado una pierna que lo manten\u00eda sumido en un estado depresivo, sin querer tomar contacto con su familia.<\/p>\n<p>  Polic\u00eda Cient\u00edfica y la Fiscal\u00eda en turno se hicieron presentes en el lugar. El cuerpo de la v\u00edctima fue sometido a una autopsia para determinar los causales de muerte, desconoci\u00e9ndose hasta el momento el resultado.<\/p>\n<p>Fuente: Campana Noticias<\/p>\n","protected":false},"excerpt":{"rendered":"<p>Un extra\u00f1o hecho que tuvo lugar en el B\u00b0 D\u00e1lmine. La v\u00edctima padec\u00eda una dura enfermedad y sus vecinos no lo ve\u00edan desde hace d\u00edas. Al ingresar la polic\u00eda al domicilio lo encontraron sin vida y, junto a \u00e9l, varios de sus gatos tambi\u00e9n muertos. Un extra\u00f1o hecho ocurrido d\u00edas pasados sali\u00f3 a la luz [&hellip;]<\/p>\n","protected":false},"author":4,"featured_media":32111,"comment_status":"open","ping_status":"closed","sticky":false,"template":"","format":"standard","meta":{"om_disable_all_campaigns":false,"_jetpack_memberships_contains_paid_content":false,"footnotes":""},"categories":[621],"tags":[],"class_list":["post-32107","post","type-post","status-publish","format-standard","has-post-thumbnail","hentry","category-regionales"],"aioseo_notices":[],"gutentor_comment":0,"jetpack_featured_media_url":"https:\/\/eldiariodesanpedro.com.ar\/sitio\/wp-content\/uploads\/2018\/04\/Encuentran-a-un-hombre-y-varios-gatos-fallecidos.jpg","jetpack_shortlink":"https:\/\/wp.me\/p6RhLt-8lR","jetpack_sharing_enabled":true,"_links":{"self":[{"href":"https:\/\/eldiariodesanpedro.com.ar\/sitio\/wp-json\/wp\/v2\/posts\/32107","targetHints":{"allow":["GET"]}}],"collection":[{"href":"https:\/\/eldiariodesanpedro.com.ar\/sitio\/wp-json\/wp\/v2\/posts"}],"about":[{"href":"https:\/\/eldiariodesanpedro.com.ar\/sitio\/wp-json\/wp\/v2\/types\/post"}],"author":[{"embeddable":true,"href":"https:\/\/eldiariodesanpedro.com.ar\/sitio\/wp-json\/wp\/v2\/users\/4"}],"replies":[{"embeddable":true,"href":"https:\/\/eldiariodesanpedro.com.ar\/sitio\/wp-json\/wp\/v2\/comments?post=32107"}],"version-history":[{"count":1,"href":"https:\/\/eldiariodesanpedro.com.ar\/sitio\/wp-json\/wp\/v2\/posts\/32107\/revisions"}],"predecessor-version":[{"id":32113,"href":"https:\/\/eldiariodesanpedro.com.ar\/sitio\/wp-json\/wp\/v2\/posts\/32107\/revisions\/32113"}],"wp:featuredmedia":[{"embeddable":true,"href":"https:\/\/eldiariodesanpedro.com.ar\/sitio\/wp-json\/wp\/v2\/media\/32111"}],"wp:attachment":[{"href":"https:\/\/eldiariodesanpedro.com.ar\/sitio\/wp-json\/wp\/v2\/media?parent=32107"}],"wp:term":[{"taxonomy":"category","embeddable":true,"href":"https:\/\/eldiariodesanpedro.com.ar\/sitio\/wp-json\/wp\/v2\/categories?post=32107"},{"taxonomy":"post_tag","embeddable":true,"href":"https:\/\/eldiariodesanpedro.com.ar\/sitio\/wp-json\/wp\/v2\/tags?post=32107"}],"curies":[{"name":"wp","href":"https:\/\/api.w.org\/{rel}","templated":true}]}}