{"id":32105,"date":"2018-04-23T20:28:08","date_gmt":"2018-04-23T23:28:08","guid":{"rendered":"https:\/\/eldiariodesanpedro.com.ar\/sitio\/?p=32105"},"modified":"2018-04-23T20:28:08","modified_gmt":"2018-04-23T23:28:08","slug":"baradero-la-intendente-solicito-una-licencia-por-diez-dias","status":"publish","type":"post","link":"https:\/\/eldiariodesanpedro.com.ar\/sitio\/baradero-la-intendente-solicito-una-licencia-por-diez-dias\/","title":{"rendered":"BARADERO: La Intendente solicit\u00f3 una licencia por diez d\u00edas"},"content":{"rendered":"<p><!-- VideographyWP Plugin Message: Automatic video embedding prevented by plugin options. --><br \/>\n  La intendente Fernanda Antonijevic solicit\u00f3 al Poder Legislativo la autorizaci\u00f3n de licencia desde el 29 de abril hasta el 8 de mayo del corriente a\u00f1o.<\/p>\n<p>  La misma fue tratada en la Sesi\u00f3n Ordinaria del pasado martes. En la cual, fue aprobada, con los votos del bloque Cambiemos y del Frente Renovador Peronista.<\/p>\n<p>  En cambio, el bloque del Frente Para la Victoria \u2013 Unidad Ciudadana, no acompa\u00f1\u00f3 este pedido. El presidente de dicho bloque, Esteban Sanzio, argument\u00f3 que, en la actualidad, la ciudadan\u00eda la necesita y que \u201c\u00e9ticamente\u201d no est\u00e1 bien su solicitud.<\/p>\n","protected":false},"excerpt":{"rendered":"<p>La intendente Fernanda Antonijevic solicit\u00f3 al Poder Legislativo la autorizaci\u00f3n de licencia desde el 29 de abril hasta el 8 de mayo del corriente a\u00f1o. La misma fue tratada en la Sesi\u00f3n Ordinaria del pasado martes. En la cual, fue aprobada, con los votos del bloque Cambiemos y del Frente Renovador Peronista. En cambio, el [&hellip;]<\/p>\n","protected":false},"author":4,"featured_media":28214,"comment_status":"open","ping_status":"closed","sticky":false,"template":"","format":"standard","meta":{"om_disable_all_campaigns":false,"_jetpack_memberships_contains_paid_content":false,"footnotes":""},"categories":[621],"tags":[],"class_list":["post-32105","post","type-post","status-publish","format-standard","has-post-thumbnail","hentry","category-regionales"],"aioseo_notices":[],"gutentor_comment":0,"jetpack_featured_media_url":"https:\/\/eldiariodesanpedro.com.ar\/sitio\/wp-content\/uploads\/2018\/01\/Fernanda-Antonijevic-.jpg","jetpack_shortlink":"https:\/\/wp.me\/p6RhLt-8lP","jetpack_sharing_enabled":true,"_links":{"self":[{"href":"https:\/\/eldiariodesanpedro.com.ar\/sitio\/wp-json\/wp\/v2\/posts\/32105","targetHints":{"allow":["GET"]}}],"collection":[{"href":"https:\/\/eldiariodesanpedro.com.ar\/sitio\/wp-json\/wp\/v2\/posts"}],"about":[{"href":"https:\/\/eldiariodesanpedro.com.ar\/sitio\/wp-json\/wp\/v2\/types\/post"}],"author":[{"embeddable":true,"href":"https:\/\/eldiariodesanpedro.com.ar\/sitio\/wp-json\/wp\/v2\/users\/4"}],"replies":[{"embeddable":true,"href":"https:\/\/eldiariodesanpedro.com.ar\/sitio\/wp-json\/wp\/v2\/comments?post=32105"}],"version-history":[{"count":2,"href":"https:\/\/eldiariodesanpedro.com.ar\/sitio\/wp-json\/wp\/v2\/posts\/32105\/revisions"}],"predecessor-version":[{"id":32109,"href":"https:\/\/eldiariodesanpedro.com.ar\/sitio\/wp-json\/wp\/v2\/posts\/32105\/revisions\/32109"}],"wp:featuredmedia":[{"embeddable":true,"href":"https:\/\/eldiariodesanpedro.com.ar\/sitio\/wp-json\/wp\/v2\/media\/28214"}],"wp:attachment":[{"href":"https:\/\/eldiariodesanpedro.com.ar\/sitio\/wp-json\/wp\/v2\/media?parent=32105"}],"wp:term":[{"taxonomy":"category","embeddable":true,"href":"https:\/\/eldiariodesanpedro.com.ar\/sitio\/wp-json\/wp\/v2\/categories?post=32105"},{"taxonomy":"post_tag","embeddable":true,"href":"https:\/\/eldiariodesanpedro.com.ar\/sitio\/wp-json\/wp\/v2\/tags?post=32105"}],"curies":[{"name":"wp","href":"https:\/\/api.w.org\/{rel}","templated":true}]}}