{"id":32103,"date":"2018-04-23T20:27:20","date_gmt":"2018-04-23T23:27:20","guid":{"rendered":"https:\/\/eldiariodesanpedro.com.ar\/sitio\/?p=32103"},"modified":"2018-04-23T20:27:20","modified_gmt":"2018-04-23T23:27:20","slug":"san-nicolas-el-consumo-no-se-activa-y-cada-vez-mas-comercios-bajan-sus-persianas","status":"publish","type":"post","link":"https:\/\/eldiariodesanpedro.com.ar\/sitio\/san-nicolas-el-consumo-no-se-activa-y-cada-vez-mas-comercios-bajan-sus-persianas\/","title":{"rendered":"SAN NICOL\u00c1S: El consumo no se activa y cada vez m\u00e1s comercios bajan sus persianas"},"content":{"rendered":"<p><!-- VideographyWP Plugin Message: Automatic video embedding prevented by plugin options. --><br \/>\n  La combinaci\u00f3n de altos costos y pocas ventas corroe la rentabilidad de los comerciantes del microcentro de la ciudad, lo que ha provocado el cierre de varios negocios. Algunos propietarios de locales eligen retirarse de la actividad y alquilar el inmueble.<\/p>\n<p>  La recorrida por el microcentro de la ciudad hoy deja ver dos postales de una situaci\u00f3n que viene sosteni\u00e9ndose desde hace largo tiempo: poca gente en los comercios, y la proliferaci\u00f3n de locales con carteles de \u00abse alquila\u00bb o \u00abliquidaci\u00f3n por cierre\u00bb. <\/p>\n<p>  EL NORTE se entrevist\u00f3 con varios comerciantes que coincidieron al resumir las causas de esta situaci\u00f3n: los costos aumentan y el consumo no se reactiva. \u201cAumentan, las tarifas, los alquileres, los salarios de los empleados, los impuestos, etc. Y las ventas siguen estancadas, con lo cual el margen de rentabilidad se achica cada vez m\u00e1s\u201d, explica Antonio Ponte, titular de la C\u00e1mara de Comerciantes del Microcentro.<\/p>\n<p>  Los comercios del rubro alimenticio viven una realidad algo m\u00e1s aliviada que, por ejemplo, los negocios de venta de indumentaria, en virtud de que la comida es un producto de primera necesidad mientras que la ropa es un bien al que se accede luego de que se cubren todas las necesidades b\u00e1sicas.<\/p>\n<p>  En el di\u00e1logo informal, los comerciantes sostienen que la actual crisis de consumo se viene extendiendo desde hace largo tiempo. Y que los \u00faltimos aumentos tarifarios anticipan que el escenario dif\u00edcilmente se modifique. \u201cSi la gente tiene que pagar m\u00e1s cara la luz, el gas, la nafta, etc., entonces tendr\u00e1 menos dinero para consumir bienes y productos\u201d, se\u00f1al\u00f3 Mar\u00eda, propietaria de un local de venta de indumentaria femenina. <\/p>\n<p>  Incluso, hay comerciantes que han decidido alquilar su local y retirarse de la actividad en virtud de que es m\u00e1s saludable asegurarse un ingreso fijo por renta a tener que lidiar todos los d\u00edas con el escenario de altos costos y flojas ventas.<\/p>\n<p><strong>Un hist\u00f3rico<\/strong><br \/>\n  Seg\u00fan algunos comerciantes le contaron a este medio, la hist\u00f3rica casa de venta de indumentaria masculina \u00abBeltramo le viste\u00bb cerr\u00f3 sus puertas y alquil\u00f3 el local a otra firma de venta de ropa para j\u00f3venes, en atenci\u00f3n al escenario antes descripto. Beltramo fue uno de los comercios m\u00e1s tradicionales de la ciudad, que desde 1949 visti\u00f3 a varias generaciones de nicole\u00f1os.<\/p>\n<p>  De acuerdo al panorama brindado por los comerciantes no se est\u00e1n produciendo despidos de empleados debido a que ello ocurri\u00f3 hace ya m\u00e1s de un a\u00f1o. Como sucede en cada situaci\u00f3n de crisis que impacta en la p\u00e9rdida de rentabilidad, el primer costo que se achica es el personal. A los costos de hoy, un empleado de comercio registrado y sin antig\u00fcedad le representa a un empleador un gasto de alrededor de $26.000. De ah\u00ed que buena parte de los comercios hoy pueden publicitar aquella famosa consigna \u00abatendido por sus propios due\u00f1os\u00bb.<\/p>\n<p>  Lamentablemente, en San Nicol\u00e1s no hay estad\u00edsticas de ninguna clase. Y mucho menos en materia de actividad econ\u00f3mica-productiva. Todas las variables se analizan a ojo, y as\u00ed es muy dif\u00edcil establecer una realidad concreta ya que no hay manera de comparar valores actuales con escenarios previos o hist\u00f3ricos.<\/p>\n<p><strong>Caen ventas minoristas <\/strong><br \/>\n  Las ventas minoristas de los comercios PyMEs cayeron un 2% en marzo en comparaci\u00f3n con el mismo per\u00edodo del a\u00f1o pasado y acumulan una baja anual de 1,5% en los primeros tres meses del a\u00f1o.<\/p>\n<p>  El relevamiento, realizado en 2.000 comercios PyMEs de todo el pa\u00eds en los principales rubros que concentran la venta minorista familiar, registr\u00f3 que las ventas minoristas en ese tipo de emprendimientos finalizaron marzo con una ca\u00edda de 2% frente a igual mes del a\u00f1o pasado, medidas a precios constantes, y acumulan una baja anual de 1,5% en los primeros tres meses del a\u00f1o.<\/p>\n<p>Fuente: Diario El Norte<\/p>\n","protected":false},"excerpt":{"rendered":"<p>La combinaci\u00f3n de altos costos y pocas ventas corroe la rentabilidad de los comerciantes del microcentro de la ciudad, lo que ha provocado el cierre de varios negocios. Algunos propietarios de locales eligen retirarse de la actividad y alquilar el inmueble. La recorrida por el microcentro de la ciudad hoy deja ver dos postales de [&hellip;]<\/p>\n","protected":false},"author":4,"featured_media":32104,"comment_status":"open","ping_status":"closed","sticky":false,"template":"","format":"standard","meta":{"om_disable_all_campaigns":false,"_jetpack_memberships_contains_paid_content":false,"footnotes":""},"categories":[621],"tags":[],"class_list":["post-32103","post","type-post","status-publish","format-standard","has-post-thumbnail","hentry","category-regionales"],"aioseo_notices":[],"gutentor_comment":0,"jetpack_featured_media_url":"https:\/\/eldiariodesanpedro.com.ar\/sitio\/wp-content\/uploads\/2018\/04\/local-en-alquiler.jpg","jetpack_shortlink":"https:\/\/wp.me\/p6RhLt-8lN","jetpack_sharing_enabled":true,"_links":{"self":[{"href":"https:\/\/eldiariodesanpedro.com.ar\/sitio\/wp-json\/wp\/v2\/posts\/32103","targetHints":{"allow":["GET"]}}],"collection":[{"href":"https:\/\/eldiariodesanpedro.com.ar\/sitio\/wp-json\/wp\/v2\/posts"}],"about":[{"href":"https:\/\/eldiariodesanpedro.com.ar\/sitio\/wp-json\/wp\/v2\/types\/post"}],"author":[{"embeddable":true,"href":"https:\/\/eldiariodesanpedro.com.ar\/sitio\/wp-json\/wp\/v2\/users\/4"}],"replies":[{"embeddable":true,"href":"https:\/\/eldiariodesanpedro.com.ar\/sitio\/wp-json\/wp\/v2\/comments?post=32103"}],"version-history":[{"count":1,"href":"https:\/\/eldiariodesanpedro.com.ar\/sitio\/wp-json\/wp\/v2\/posts\/32103\/revisions"}],"predecessor-version":[{"id":32106,"href":"https:\/\/eldiariodesanpedro.com.ar\/sitio\/wp-json\/wp\/v2\/posts\/32103\/revisions\/32106"}],"wp:featuredmedia":[{"embeddable":true,"href":"https:\/\/eldiariodesanpedro.com.ar\/sitio\/wp-json\/wp\/v2\/media\/32104"}],"wp:attachment":[{"href":"https:\/\/eldiariodesanpedro.com.ar\/sitio\/wp-json\/wp\/v2\/media?parent=32103"}],"wp:term":[{"taxonomy":"category","embeddable":true,"href":"https:\/\/eldiariodesanpedro.com.ar\/sitio\/wp-json\/wp\/v2\/categories?post=32103"},{"taxonomy":"post_tag","embeddable":true,"href":"https:\/\/eldiariodesanpedro.com.ar\/sitio\/wp-json\/wp\/v2\/tags?post=32103"}],"curies":[{"name":"wp","href":"https:\/\/api.w.org\/{rel}","templated":true}]}}