{"id":32080,"date":"2018-04-22T20:06:02","date_gmt":"2018-04-22T23:06:02","guid":{"rendered":"https:\/\/eldiariodesanpedro.com.ar\/sitio\/?p=32080"},"modified":"2026-01-24T00:16:26","modified_gmt":"2026-01-24T03:16:26","slug":"hockey-local-parana-inauguro-cancha-y-goleo-a-mitre-sportivo-derroto-a-pescadores","status":"publish","type":"post","link":"https:\/\/eldiariodesanpedro.com.ar\/sitio\/hockey-local-parana-inauguro-cancha-y-goleo-a-mitre-sportivo-derroto-a-pescadores\/","title":{"rendered":"HOCKEY LOCAL: Paran\u00e1 inaugur\u00f3 cancha y gole\u00f3 a Mitre. Sportivo derrot\u00f3 a Pescadores"},"content":{"rendered":"<p><!-- VideographyWP Plugin Message: Automatic video embedding prevented by plugin options. --><br \/>\n  Desde la media ma\u00f1ana del s\u00e1bado, Paran\u00e1 FC tiene nueva cancha de hockey, espacio apto para la pr\u00e1ctica y competencia de un deporte que desde hace varios a\u00f1os se practica en el club y en el \u00faltimo a\u00f1o viene creciendo. Luego de la inauguraci\u00f3n de rigor, vino el juego, donde comenzaron con escuela, novena y octava de \u201cAlbirojo\u201d y \u201cRojo\u201d, cl\u00e1sico rivales en el f\u00fatbol. La jornada fue acompa\u00f1ada por una buena concurrencia y en el juego de las categor\u00edas competitivas que disputan el torneo local, se alzaron con dos triunfos: s\u00e9xta 13-0 y quinta 4 a 1.<\/p>\n<p>  En el otro cotejo de la segunda fecha (qued\u00f3 libre Regatas Baradero), Sportivo en condici\u00f3n de visitante derrot\u00f3 a Pescadores: en S\u00e9ptima 2-1, sexta 9-1 y quinta 8-1. <\/p>\n<div data-carousel-extra='{&quot;blog_id&quot;:1,&quot;permalink&quot;:&quot;https:\/\/eldiariodesanpedro.com.ar\/sitio\/hockey-local-parana-inauguro-cancha-y-goleo-a-mitre-sportivo-derroto-a-pescadores\/&quot;}' id='gallery-1' class='gallery galleryid-32080 gallery-columns-3 gallery-size-large'><figure class='gallery-item'>\n\t\t\t<div class='gallery-icon landscape'>\n\t\t\t\t<a href='https:\/\/eldiariodesanpedro.com.ar\/sitio\/hockey-local-parana-inauguro-cancha-y-goleo-a-mitre-sportivo-derroto-a-pescadores\/escuelas-de-parana-y-mitre\/'><img decoding=\"async\" width=\"640\" height=\"360\" data-src=\"https:\/\/eldiariodesanpedro.com.ar\/sitio\/wp-content\/uploads\/2018\/04\/Escuelas-de-Paran\u00e1-y-Mitre-1024x576.jpg\" class=\"attachment-large size-large lazyload\" alt=\"El Diario de San Pedro | Noticias locales y regionales\" data-srcset=\"https:\/\/eldiariodesanpedro.com.ar\/sitio\/wp-content\/uploads\/2018\/04\/Escuelas-de-Paran\u00e1-y-Mitre-1024x576.jpg 1024w, https:\/\/eldiariodesanpedro.com.ar\/sitio\/wp-content\/uploads\/2018\/04\/Escuelas-de-Paran\u00e1-y-Mitre-300x169.jpg 300w, https:\/\/eldiariodesanpedro.com.ar\/sitio\/wp-content\/uploads\/2018\/04\/Escuelas-de-Paran\u00e1-y-Mitre-768x432.jpg 768w, https:\/\/eldiariodesanpedro.com.ar\/sitio\/wp-content\/uploads\/2018\/04\/Escuelas-de-Paran\u00e1-y-Mitre.jpg 1280w\" data-sizes=\"(max-width: 640px) 100vw, 640px\" data-attachment-id=\"32081\" data-permalink=\"https:\/\/eldiariodesanpedro.com.ar\/sitio\/hockey-local-parana-inauguro-cancha-y-goleo-a-mitre-sportivo-derroto-a-pescadores\/escuelas-de-parana-y-mitre\/\" data-orig-file=\"https:\/\/eldiariodesanpedro.com.ar\/sitio\/wp-content\/uploads\/2018\/04\/Escuelas-de-Paran\u00e1-y-Mitre.jpg\" data-orig-size=\"1280,720\" data-comments-opened=\"1\" data-image-meta=\"{&quot;aperture&quot;:&quot;0&quot;,&quot;credit&quot;:&quot;&quot;,&quot;camera&quot;:&quot;&quot;,&quot;caption&quot;:&quot;&quot;,&quot;created_timestamp&quot;:&quot;0&quot;,&quot;copyright&quot;:&quot;&quot;,&quot;focal_length&quot;:&quot;0&quot;,&quot;iso&quot;:&quot;0&quot;,&quot;shutter_speed&quot;:&quot;0&quot;,&quot;title&quot;:&quot;&quot;,&quot;orientation&quot;:&quot;0&quot;}\" data-image-title=\"Escuelas de Paran\u00e1 y Mitre\" data-image-description=\"\" data-image-caption=\"\" data-large-file=\"https:\/\/eldiariodesanpedro.com.ar\/sitio\/wp-content\/uploads\/2018\/04\/Escuelas-de-Paran\u00e1-y-Mitre-1024x576.jpg\" src=\"data:image\/svg+xml;base64,PHN2ZyB3aWR0aD0iMSIgaGVpZ2h0PSIxIiB4bWxucz0iaHR0cDovL3d3dy53My5vcmcvMjAwMC9zdmciPjwvc3ZnPg==\" style=\"--smush-placeholder-width: 640px; --smush-placeholder-aspect-ratio: 640\/360;\" \/><\/a>\n\t\t\t<\/div><\/figure><figure class='gallery-item'>\n\t\t\t<div class='gallery-icon landscape'>\n\t\t\t\t<a href='https:\/\/eldiariodesanpedro.com.ar\/sitio\/hockey-local-parana-inauguro-cancha-y-goleo-a-mitre-sportivo-derroto-a-pescadores\/en-las-competitivas-gano-el-albi\/'><img decoding=\"async\" width=\"640\" height=\"360\" data-src=\"https:\/\/eldiariodesanpedro.com.ar\/sitio\/wp-content\/uploads\/2018\/04\/En-las-competitivas-gan\u00f3-el-\u201cAlbi\u201d-1024x576.jpg\" class=\"attachment-large size-large lazyload\" alt=\"El Diario de San Pedro | Noticias locales y regionales\" data-srcset=\"https:\/\/eldiariodesanpedro.com.ar\/sitio\/wp-content\/uploads\/2018\/04\/En-las-competitivas-gan\u00f3-el-\u201cAlbi\u201d-1024x576.jpg 1024w, https:\/\/eldiariodesanpedro.com.ar\/sitio\/wp-content\/uploads\/2018\/04\/En-las-competitivas-gan\u00f3-el-\u201cAlbi\u201d-300x169.jpg 300w, https:\/\/eldiariodesanpedro.com.ar\/sitio\/wp-content\/uploads\/2018\/04\/En-las-competitivas-gan\u00f3-el-\u201cAlbi\u201d-768x432.jpg 768w, https:\/\/eldiariodesanpedro.com.ar\/sitio\/wp-content\/uploads\/2018\/04\/En-las-competitivas-gan\u00f3-el-\u201cAlbi\u201d.jpg 1280w\" data-sizes=\"(max-width: 640px) 100vw, 640px\" data-attachment-id=\"32082\" data-permalink=\"https:\/\/eldiariodesanpedro.com.ar\/sitio\/hockey-local-parana-inauguro-cancha-y-goleo-a-mitre-sportivo-derroto-a-pescadores\/en-las-competitivas-gano-el-albi\/\" data-orig-file=\"https:\/\/eldiariodesanpedro.com.ar\/sitio\/wp-content\/uploads\/2018\/04\/En-las-competitivas-gan\u00f3-el-\u201cAlbi\u201d.jpg\" data-orig-size=\"1280,720\" data-comments-opened=\"1\" data-image-meta=\"{&quot;aperture&quot;:&quot;0&quot;,&quot;credit&quot;:&quot;&quot;,&quot;camera&quot;:&quot;&quot;,&quot;caption&quot;:&quot;&quot;,&quot;created_timestamp&quot;:&quot;0&quot;,&quot;copyright&quot;:&quot;&quot;,&quot;focal_length&quot;:&quot;0&quot;,&quot;iso&quot;:&quot;0&quot;,&quot;shutter_speed&quot;:&quot;0&quot;,&quot;title&quot;:&quot;&quot;,&quot;orientation&quot;:&quot;0&quot;}\" data-image-title=\"En las competitivas gan\u00f3 el \u201cAlbi\u201d\" data-image-description=\"\" data-image-caption=\"\" data-large-file=\"https:\/\/eldiariodesanpedro.com.ar\/sitio\/wp-content\/uploads\/2018\/04\/En-las-competitivas-gan\u00f3-el-\u201cAlbi\u201d-1024x576.jpg\" src=\"data:image\/svg+xml;base64,PHN2ZyB3aWR0aD0iMSIgaGVpZ2h0PSIxIiB4bWxucz0iaHR0cDovL3d3dy53My5vcmcvMjAwMC9zdmciPjwvc3ZnPg==\" style=\"--smush-placeholder-width: 640px; --smush-placeholder-aspect-ratio: 640\/360;\" \/><\/a>\n\t\t\t<\/div><\/figure><figure class='gallery-item'>\n\t\t\t<div class='gallery-icon landscape'>\n\t\t\t\t<a href='https:\/\/eldiariodesanpedro.com.ar\/sitio\/hockey-local-parana-inauguro-cancha-y-goleo-a-mitre-sportivo-derroto-a-pescadores\/nueva-cancha-para-la-practica-de-hockey\/'><img decoding=\"async\" width=\"640\" height=\"480\" data-src=\"https:\/\/eldiariodesanpedro.com.ar\/sitio\/wp-content\/uploads\/2018\/04\/Nueva-cancha-para-la-pr\u00e1ctica-de-hockey.jpg\" class=\"attachment-large size-large lazyload\" alt=\"El Diario de San Pedro | Noticias locales y regionales\" data-srcset=\"https:\/\/eldiariodesanpedro.com.ar\/sitio\/wp-content\/uploads\/2018\/04\/Nueva-cancha-para-la-pr\u00e1ctica-de-hockey.jpg 1000w, https:\/\/eldiariodesanpedro.com.ar\/sitio\/wp-content\/uploads\/2018\/04\/Nueva-cancha-para-la-pr\u00e1ctica-de-hockey-300x225.jpg 300w, https:\/\/eldiariodesanpedro.com.ar\/sitio\/wp-content\/uploads\/2018\/04\/Nueva-cancha-para-la-pr\u00e1ctica-de-hockey-768x576.jpg 768w\" data-sizes=\"(max-width: 640px) 100vw, 640px\" data-attachment-id=\"32083\" data-permalink=\"https:\/\/eldiariodesanpedro.com.ar\/sitio\/hockey-local-parana-inauguro-cancha-y-goleo-a-mitre-sportivo-derroto-a-pescadores\/nueva-cancha-para-la-practica-de-hockey\/\" data-orig-file=\"https:\/\/eldiariodesanpedro.com.ar\/sitio\/wp-content\/uploads\/2018\/04\/Nueva-cancha-para-la-pr\u00e1ctica-de-hockey.jpg\" data-orig-size=\"1000,750\" data-comments-opened=\"1\" data-image-meta=\"{&quot;aperture&quot;:&quot;5.6&quot;,&quot;credit&quot;:&quot;&quot;,&quot;camera&quot;:&quot;FinePix S4000&quot;,&quot;caption&quot;:&quot;&quot;,&quot;created_timestamp&quot;:&quot;950812316&quot;,&quot;copyright&quot;:&quot;&quot;,&quot;focal_length&quot;:&quot;23.1&quot;,&quot;iso&quot;:&quot;64&quot;,&quot;shutter_speed&quot;:&quot;0.0055555555555556&quot;,&quot;title&quot;:&quot;&quot;,&quot;orientation&quot;:&quot;0&quot;}\" data-image-title=\"Nueva cancha para la pr\u00e1ctica de hockey\" data-image-description=\"\" data-image-caption=\"\" data-large-file=\"https:\/\/eldiariodesanpedro.com.ar\/sitio\/wp-content\/uploads\/2018\/04\/Nueva-cancha-para-la-pr\u00e1ctica-de-hockey.jpg\" src=\"data:image\/svg+xml;base64,PHN2ZyB3aWR0aD0iMSIgaGVpZ2h0PSIxIiB4bWxucz0iaHR0cDovL3d3dy53My5vcmcvMjAwMC9zdmciPjwvc3ZnPg==\" style=\"--smush-placeholder-width: 640px; --smush-placeholder-aspect-ratio: 640\/480;\" \/><\/a>\n\t\t\t<\/div><\/figure>\n\t\t<\/div>\n\n","protected":false},"excerpt":{"rendered":"<p>Desde la media ma\u00f1ana del s\u00e1bado, Paran\u00e1 FC tiene nueva cancha de hockey, espacio apto para la pr\u00e1ctica y competencia de un deporte que desde hace varios a\u00f1os se practica en el club y en el \u00faltimo a\u00f1o viene creciendo. Luego de la inauguraci\u00f3n de rigor, vino el juego, donde comenzaron con escuela, novena y [&hellip;]<\/p>\n","protected":false},"author":4,"featured_media":32081,"comment_status":"open","ping_status":"closed","sticky":false,"template":"","format":"standard","meta":{"om_disable_all_campaigns":false,"_jetpack_memberships_contains_paid_content":false,"footnotes":""},"categories":[5],"tags":[],"class_list":["post-32080","post","type-post","status-publish","format-standard","has-post-thumbnail","hentry","category-deportes"],"aioseo_notices":[],"gutentor_comment":0,"jetpack_featured_media_url":"https:\/\/eldiariodesanpedro.com.ar\/sitio\/wp-content\/uploads\/2018\/04\/Escuelas-de-Paran\u00e1-y-Mitre.jpg","jetpack_shortlink":"https:\/\/wp.me\/p6RhLt-8lq","jetpack_sharing_enabled":true,"_links":{"self":[{"href":"https:\/\/eldiariodesanpedro.com.ar\/sitio\/wp-json\/wp\/v2\/posts\/32080","targetHints":{"allow":["GET"]}}],"collection":[{"href":"https:\/\/eldiariodesanpedro.com.ar\/sitio\/wp-json\/wp\/v2\/posts"}],"about":[{"href":"https:\/\/eldiariodesanpedro.com.ar\/sitio\/wp-json\/wp\/v2\/types\/post"}],"author":[{"embeddable":true,"href":"https:\/\/eldiariodesanpedro.com.ar\/sitio\/wp-json\/wp\/v2\/users\/4"}],"replies":[{"embeddable":true,"href":"https:\/\/eldiariodesanpedro.com.ar\/sitio\/wp-json\/wp\/v2\/comments?post=32080"}],"version-history":[{"count":1,"href":"https:\/\/eldiariodesanpedro.com.ar\/sitio\/wp-json\/wp\/v2\/posts\/32080\/revisions"}],"predecessor-version":[{"id":32084,"href":"https:\/\/eldiariodesanpedro.com.ar\/sitio\/wp-json\/wp\/v2\/posts\/32080\/revisions\/32084"}],"wp:featuredmedia":[{"embeddable":true,"href":"https:\/\/eldiariodesanpedro.com.ar\/sitio\/wp-json\/wp\/v2\/media\/32081"}],"wp:attachment":[{"href":"https:\/\/eldiariodesanpedro.com.ar\/sitio\/wp-json\/wp\/v2\/media?parent=32080"}],"wp:term":[{"taxonomy":"category","embeddable":true,"href":"https:\/\/eldiariodesanpedro.com.ar\/sitio\/wp-json\/wp\/v2\/categories?post=32080"},{"taxonomy":"post_tag","embeddable":true,"href":"https:\/\/eldiariodesanpedro.com.ar\/sitio\/wp-json\/wp\/v2\/tags?post=32080"}],"curies":[{"name":"wp","href":"https:\/\/api.w.org\/{rel}","templated":true}]}}