{"id":32076,"date":"2018-04-22T20:01:33","date_gmt":"2018-04-22T23:01:33","guid":{"rendered":"https:\/\/eldiariodesanpedro.com.ar\/sitio\/?p=32076"},"modified":"2018-04-22T20:01:33","modified_gmt":"2018-04-22T23:01:33","slug":"zarate-posible-incendio-intencional-en-una-vivienda","status":"publish","type":"post","link":"https:\/\/eldiariodesanpedro.com.ar\/sitio\/zarate-posible-incendio-intencional-en-una-vivienda\/","title":{"rendered":"Z\u00c1RATE: Posible incendio intencional en una vivienda"},"content":{"rendered":"<p><!-- VideographyWP Plugin Message: Automatic video embedding prevented by plugin options. --><br \/>\nEsta madrugada un domicilio de Mitre y calle 4 ardi\u00f3 en llamas, en lo que posiblemente haya sido un incendio intencional.<\/p>\n<p>  D\u00edas atr\u00e1s, seg\u00fan lo averiguado por este medio, se habr\u00eda producido un conflicto vecinal que incluy\u00f3 la amenaza de quemar dicha vivienda. Finalmente concretaron lo dicho y cerca de la una y media de la ma\u00f1ana una dotaci\u00f3n de Bomberos Voluntarios de Z\u00e1rate debi\u00f3 extinguir el foco originado.<\/p>\n<p>  Los da\u00f1os fueron materiales y no hubo heridos. El Comando Patrulla resguard\u00f3 el lugar durante el tiempo que dur\u00f3 trabajo de los servidores p\u00fablicos.<\/p>\n<p>Fuente: Enlace Cr\u00edtico<\/p>\n","protected":false},"excerpt":{"rendered":"<p>Esta madrugada un domicilio de Mitre y calle 4 ardi\u00f3 en llamas, en lo que posiblemente haya sido un incendio intencional. D\u00edas atr\u00e1s, seg\u00fan lo averiguado por este medio, se habr\u00eda producido un conflicto vecinal que incluy\u00f3 la amenaza de quemar dicha vivienda. Finalmente concretaron lo dicho y cerca de la una y media de [&hellip;]<\/p>\n","protected":false},"author":4,"featured_media":32077,"comment_status":"open","ping_status":"closed","sticky":false,"template":"","format":"standard","meta":{"om_disable_all_campaigns":false,"_jetpack_memberships_contains_paid_content":false,"footnotes":""},"categories":[621],"tags":[],"class_list":["post-32076","post","type-post","status-publish","format-standard","has-post-thumbnail","hentry","category-regionales"],"aioseo_notices":[],"gutentor_comment":0,"jetpack_featured_media_url":"https:\/\/eldiariodesanpedro.com.ar\/sitio\/wp-content\/uploads\/2018\/04\/zarate-Posible-incendio-intencional-en-una-vivienda.jpg","jetpack_shortlink":"https:\/\/wp.me\/p6RhLt-8lm","jetpack_sharing_enabled":true,"_links":{"self":[{"href":"https:\/\/eldiariodesanpedro.com.ar\/sitio\/wp-json\/wp\/v2\/posts\/32076","targetHints":{"allow":["GET"]}}],"collection":[{"href":"https:\/\/eldiariodesanpedro.com.ar\/sitio\/wp-json\/wp\/v2\/posts"}],"about":[{"href":"https:\/\/eldiariodesanpedro.com.ar\/sitio\/wp-json\/wp\/v2\/types\/post"}],"author":[{"embeddable":true,"href":"https:\/\/eldiariodesanpedro.com.ar\/sitio\/wp-json\/wp\/v2\/users\/4"}],"replies":[{"embeddable":true,"href":"https:\/\/eldiariodesanpedro.com.ar\/sitio\/wp-json\/wp\/v2\/comments?post=32076"}],"version-history":[{"count":1,"href":"https:\/\/eldiariodesanpedro.com.ar\/sitio\/wp-json\/wp\/v2\/posts\/32076\/revisions"}],"predecessor-version":[{"id":32078,"href":"https:\/\/eldiariodesanpedro.com.ar\/sitio\/wp-json\/wp\/v2\/posts\/32076\/revisions\/32078"}],"wp:featuredmedia":[{"embeddable":true,"href":"https:\/\/eldiariodesanpedro.com.ar\/sitio\/wp-json\/wp\/v2\/media\/32077"}],"wp:attachment":[{"href":"https:\/\/eldiariodesanpedro.com.ar\/sitio\/wp-json\/wp\/v2\/media?parent=32076"}],"wp:term":[{"taxonomy":"category","embeddable":true,"href":"https:\/\/eldiariodesanpedro.com.ar\/sitio\/wp-json\/wp\/v2\/categories?post=32076"},{"taxonomy":"post_tag","embeddable":true,"href":"https:\/\/eldiariodesanpedro.com.ar\/sitio\/wp-json\/wp\/v2\/tags?post=32076"}],"curies":[{"name":"wp","href":"https:\/\/api.w.org\/{rel}","templated":true}]}}